{"id":42448,"date":"2023-06-30T12:47:56","date_gmt":"2023-06-30T18:47:56","guid":{"rendered":"https:\/\/encuentroinformativo.com.mx\/?p=42448"},"modified":"2023-06-30T12:48:00","modified_gmt":"2023-06-30T18:48:00","slug":"celebran-activistas-primera-brigada-de-vigilancia-animal-en-xalapa","status":"publish","type":"post","link":"https:\/\/encuentroinformativo.com.mx\/?p=42448","title":{"rendered":"Celebran activistas, primera Brigada de Vigilancia Animal en Xalapa"},"content":{"rendered":"\n<p><strong>Juan Arcos <\/strong><\/p>\n\n\n\n<p>Xalapa, Ver.- La ciudad de Xalapa tiene la primera Brigada de Vigilancia Animal en el estado de Veracruz con seis elementos exclusivos para la atenci\u00f3n de casos relacionados con el maltrato animal.<\/p>\n\n\n\n<p>Lourdes Jim\u00e9nez Mora, coordinadora del Movimiento Arpa, detall\u00f3 que la brigada est\u00e1 capacitada en temas como legislaciones, atribuciones a programas y protocolos para atenci\u00f3n a delitos.<\/p>\n\n\n\n<p>Adem\u00e1s de mediciones de manejo animal, atenci\u00f3n en animales de compa\u00f1\u00eda, manejo e identificaci\u00f3n de animales silvestres en la ciudad, entre otras capacitaciones.<\/p>\n\n\n\n<p>\u201cDebo decir que la brigada est\u00e1 capacitada para manejo de animales y est\u00e1 capacitaci\u00f3n va a seguir siendo constante. Tenemos un programa de capacitaci\u00f3n constante en lo que resta del a\u00f1o y esperamos armar pronto el del a\u00f1o siguiente\u201d.<\/p>\n\n\n\n<p>La tambi\u00e9n presidenta de la Coalici\u00f3n de Activistas por los Derechos de los Animales en el estado de Veracruz explic\u00f3 que tuvieron que realizar diversas modificaciones al reglamento animal de la ciudad de Xalapa y adecuaciones a otras leyes para llevarlo a efecto.<\/p>\n\n\n\n<p>\u201cHemos seguido pensando que las cuestiones de bienestar y derechos animales caen en el Centro de Salud Animal cuando est\u00e1 para ver \u00fanicamente la salud, pero hay muchas otras cosas que tenemos que ver por los animales\u201d, agreg\u00f3.<\/p>\n\n\n\n<p>En 2010, cuando se aprob\u00f3 la primera Ley de Protecci\u00f3n a los Animales para el Estado de Veracruz, se instruy\u00f3 la creaci\u00f3n de un cuerpo policiaco que atendiera los casos de maltrato animal.<\/p>\n\n\n\n<p>Para el 2016, tras un an\u00e1lisis de las posibilidades de actuaci\u00f3n de la brigada se propuso y logr\u00f3 una modificaci\u00f3n a la ley causando as\u00ed la creaci\u00f3n de esta brigada que pasa a ser una atribuci\u00f3n de los ayuntamientos.<\/p>\n\n\n\n<p>En tanto, en la ciudad de Xalapa, se concret\u00f3 con la coordinaci\u00f3n de la Coalici\u00f3n de Activistas de Veracruz y el regidor Daniel Fern\u00e1ndez Carri\u00f3n.<\/p>\n","protected":false},"excerpt":{"rendered":"<p>Juan Arcos Xalapa, Ver.- La ciudad de Xalapa tiene la primera Brigada de Vigilancia Animal en el estado de Veracruz con seis elementos exclusivos para la atenci\u00f3n de casos relacionados con el maltrato animal. Lourdes Jim\u00e9nez Mora, coordinadora del Movimiento Arpa, detall\u00f3 que la brigada est\u00e1 capacitada en temas como legislaciones, atribuciones a programas y [&hellip;]<\/p>\n","protected":false},"author":2476,"featured_media":42449,"comment_status":"open","ping_status":"open","sticky":false,"template":"","format":"standard","meta":{"_jetpack_memberships_contains_paid_content":false,"footnotes":""},"categories":[3],"tags":[],"class_list":["post-42448","post","type-post","status-publish","format-standard","has-post-thumbnail","hentry","category-xalapa"],"jetpack_featured_media_url":"https:\/\/encuentroinformativo.com.mx\/wp-content\/uploads\/2023\/06\/IMG_7191.jpg","jetpack_sharing_enabled":true,"jetpack_likes_enabled":true,"amp_enabled":true,"_links":{"self":[{"href":"https:\/\/encuentroinformativo.com.mx\/index.php?rest_route=\/wp\/v2\/posts\/42448","targetHints":{"allow":["GET"]}}],"collection":[{"href":"https:\/\/encuentroinformativo.com.mx\/index.php?rest_route=\/wp\/v2\/posts"}],"about":[{"href":"https:\/\/encuentroinformativo.com.mx\/index.php?rest_route=\/wp\/v2\/types\/post"}],"author":[{"embeddable":true,"href":"https:\/\/encuentroinformativo.com.mx\/index.php?rest_route=\/wp\/v2\/users\/2476"}],"replies":[{"embeddable":true,"href":"https:\/\/encuentroinformativo.com.mx\/index.php?rest_route=%2Fwp%2Fv2%2Fcomments&post=42448"}],"version-history":[{"count":1,"href":"https:\/\/encuentroinformativo.com.mx\/index.php?rest_route=\/wp\/v2\/posts\/42448\/revisions"}],"predecessor-version":[{"id":42450,"href":"https:\/\/encuentroinformativo.com.mx\/index.php?rest_route=\/wp\/v2\/posts\/42448\/revisions\/42450"}],"wp:featuredmedia":[{"embeddable":true,"href":"https:\/\/encuentroinformativo.com.mx\/index.php?rest_route=\/wp\/v2\/media\/42449"}],"wp:attachment":[{"href":"https:\/\/encuentroinformativo.com.mx\/index.php?rest_route=%2Fwp%2Fv2%2Fmedia&parent=42448"}],"wp:term":[{"taxonomy":"category","embeddable":true,"href":"https:\/\/encuentroinformativo.com.mx\/index.php?rest_route=%2Fwp%2Fv2%2Fcategories&post=42448"},{"taxonomy":"post_tag","embeddable":true,"href":"https:\/\/encuentroinformativo.com.mx\/index.php?rest_route=%2Fwp%2Fv2%2Ftags&post=42448"}],"curies":[{"name":"wp","href":"https:\/\/api.w.org\/{rel}","templated":true}]}}