{"id":42473,"date":"2023-07-02T16:17:57","date_gmt":"2023-07-02T22:17:57","guid":{"rendered":"https:\/\/encuentroinformativo.com.mx\/?p=42473"},"modified":"2023-07-02T16:18:01","modified_gmt":"2023-07-02T22:18:01","slug":"inicia-fiesta-patronal-en-xico","status":"publish","type":"post","link":"https:\/\/encuentroinformativo.com.mx\/?p=42473","title":{"rendered":"Inicia fiesta patronal en Xico"},"content":{"rendered":"\n<p><strong>Juan Arcos <\/strong><\/p>\n\n\n\n<p>Xalapa, Ver.- Este fin de semana, iniciaron las festividades en honor a Santa Mar\u00eda Magdalena en el municipio de Xico, ubicado a 23 kil\u00f3metros de la ciudad de Xalapa.<\/p>\n\n\n\n<p>Durante el s\u00e1bado 1 de julio se celebr\u00f3 la llegada del bejuco, plantas tropicales de tallos largos, delgados y flexibles que se utilizan para hacer tejidos, con el cual se elaborar\u00eda el arco floral.<\/p>\n\n\n\n<p>M\u00e1s de 100 personas se organizaron para viajar y recolector el bejuco, como parte de las tradiciones de este Pueblo M\u00e1gico, que se encuentra en la regi\u00f3n capital del estado de Veracruz.<\/p>\n\n\n\n<p>Ellos llegaron tambi\u00e9n con la flor de \u201cchucharita\u201d, misma que tambi\u00e9n es utilizada para el arco floral.<\/p>\n\n\n\n<p>Fue en la capilla de San Isidro, ubicada sobre Melchor O. Campo esquina con Carranza, donde lleg\u00f3 la Santa Patrona a esperar a quienes tra\u00edan el bejuco.<\/p>\n\n\n\n<p>Las personas fueron recibidas con cuetes, entre incienso, danzas de los tocotines y m\u00fasica de violines.<\/p>\n\n\n\n<p>Los pobladores indicaron que la velada del primer vestido marc\u00f3 el inicio de las festividades a Santa Mar\u00eda Magdalena en Xico, donde a lo largo del mes recibir\u00e1 un vestido cada d\u00eda, el cual lucir\u00e1 durante las diferentes actividades que se realicen.<\/p>\n\n\n\n<p>De acuerdo con el presidente de la cuadrilla de danzantes \u201cXicochimalco\u201d, Miguel Mart\u00ednez, desde hace 23 a\u00f1os se otorga esta ofrenda a Santa Mar\u00eda Magdalena.<\/p>\n\n\n\n<p>\u201cEs agradecimiento por muchas peticiones que se le dan, vivencias de salud, de trabajo, de familias.<\/p>\n\n\n\n<p>As\u00ed lo vemos los xique\u00f1os, es una alegr\u00eda y un fervor darle a Santa Mar\u00eda Magdalena un vestido, una ofrenda, porque muchas son las personas que se ponen en una lista que quieren darle una ofrenda a la Santa\u201d.<\/p>\n\n\n\n<p>El pr\u00f3ximo 19 de julio se realizar\u00e1 la alfombra en honor a Mar\u00eda Magdalena y, el 22 de julio, la \u201cXique\u00f1ada\u201d, donde habr\u00eda capea de toros.<\/p>\n\n\n\n<figure class=\"wp-block-image size-large\"><img loading=\"lazy\" decoding=\"async\" width=\"1024\" height=\"575\" src=\"https:\/\/encuentroinformativo.com.mx\/wp-content\/uploads\/2023\/07\/38ce2d62-6d23-4344-b3d4-3f01b41bc51b-1024x575.jpg\" alt=\"\" class=\"wp-image-42475\" srcset=\"https:\/\/encuentroinformativo.com.mx\/wp-content\/uploads\/2023\/07\/38ce2d62-6d23-4344-b3d4-3f01b41bc51b-1024x575.jpg 1024w, https:\/\/encuentroinformativo.com.mx\/wp-content\/uploads\/2023\/07\/38ce2d62-6d23-4344-b3d4-3f01b41bc51b-300x168.jpg 300w, https:\/\/encuentroinformativo.com.mx\/wp-content\/uploads\/2023\/07\/38ce2d62-6d23-4344-b3d4-3f01b41bc51b-768x431.jpg 768w, https:\/\/encuentroinformativo.com.mx\/wp-content\/uploads\/2023\/07\/38ce2d62-6d23-4344-b3d4-3f01b41bc51b.jpg 1168w\" sizes=\"auto, (max-width: 1024px) 100vw, 1024px\" \/><\/figure>\n","protected":false},"excerpt":{"rendered":"<p>Juan Arcos Xalapa, Ver.- Este fin de semana, iniciaron las festividades en honor a Santa Mar\u00eda Magdalena en el municipio de Xico, ubicado a 23 kil\u00f3metros de la ciudad de Xalapa. Durante el s\u00e1bado 1 de julio se celebr\u00f3 la llegada del bejuco, plantas tropicales de tallos largos, delgados y flexibles que se utilizan para [&hellip;]<\/p>\n","protected":false},"author":2476,"featured_media":42474,"comment_status":"open","ping_status":"open","sticky":false,"template":"","format":"standard","meta":{"_jetpack_memberships_contains_paid_content":false,"footnotes":""},"categories":[8],"tags":[],"class_list":["post-42473","post","type-post","status-publish","format-standard","has-post-thumbnail","hentry","category-region"],"jetpack_featured_media_url":"https:\/\/encuentroinformativo.com.mx\/wp-content\/uploads\/2023\/07\/bf019704-5061-4ee3-8bac-e0790a5e3267.jpg","jetpack_sharing_enabled":true,"jetpack_likes_enabled":true,"amp_enabled":true,"_links":{"self":[{"href":"https:\/\/encuentroinformativo.com.mx\/index.php?rest_route=\/wp\/v2\/posts\/42473","targetHints":{"allow":["GET"]}}],"collection":[{"href":"https:\/\/encuentroinformativo.com.mx\/index.php?rest_route=\/wp\/v2\/posts"}],"about":[{"href":"https:\/\/encuentroinformativo.com.mx\/index.php?rest_route=\/wp\/v2\/types\/post"}],"author":[{"embeddable":true,"href":"https:\/\/encuentroinformativo.com.mx\/index.php?rest_route=\/wp\/v2\/users\/2476"}],"replies":[{"embeddable":true,"href":"https:\/\/encuentroinformativo.com.mx\/index.php?rest_route=%2Fwp%2Fv2%2Fcomments&post=42473"}],"version-history":[{"count":1,"href":"https:\/\/encuentroinformativo.com.mx\/index.php?rest_route=\/wp\/v2\/posts\/42473\/revisions"}],"predecessor-version":[{"id":42476,"href":"https:\/\/encuentroinformativo.com.mx\/index.php?rest_route=\/wp\/v2\/posts\/42473\/revisions\/42476"}],"wp:featuredmedia":[{"embeddable":true,"href":"https:\/\/encuentroinformativo.com.mx\/index.php?rest_route=\/wp\/v2\/media\/42474"}],"wp:attachment":[{"href":"https:\/\/encuentroinformativo.com.mx\/index.php?rest_route=%2Fwp%2Fv2%2Fmedia&parent=42473"}],"wp:term":[{"taxonomy":"category","embeddable":true,"href":"https:\/\/encuentroinformativo.com.mx\/index.php?rest_route=%2Fwp%2Fv2%2Fcategories&post=42473"},{"taxonomy":"post_tag","embeddable":true,"href":"https:\/\/encuentroinformativo.com.mx\/index.php?rest_route=%2Fwp%2Fv2%2Ftags&post=42473"}],"curies":[{"name":"wp","href":"https:\/\/api.w.org\/{rel}","templated":true}]}}