{"id":42482,"date":"2023-07-03T12:05:19","date_gmt":"2023-07-03T18:05:19","guid":{"rendered":"https:\/\/encuentroinformativo.com.mx\/?p=42482"},"modified":"2023-07-03T12:05:23","modified_gmt":"2023-07-03T18:05:23","slug":"rechazan-vecinos-corte-de-arboles-en-lomas-verdes","status":"publish","type":"post","link":"https:\/\/encuentroinformativo.com.mx\/?p=42482","title":{"rendered":"Rechazan vecinos corte de \u00e1rboles en Lomas Verdes"},"content":{"rendered":"\n<p><strong>Juan Arcos <\/strong><\/p>\n\n\n\n<p>Xalapa, Ver.- Vecinos de la colonia Lomas Verdes, Primera Secci\u00f3n, ubicada en la zona sur de la ciudad de Xalapa, protestaron este lunes para denunciar que los \u00e1rboles del \u00e1rea verde est\u00e1n siendo derribados, de manera ilegal.<\/p>\n\n\n\n<p>Los troncos secos de los \u00e1rboles se encuentran amontonados en dicha zona, paralela al circuito Loma Alta. Esta situaci\u00f3n se ha observado desde hace dos a\u00f1os, sin embargo, se ha agravado durante las \u00faltimas semanas.<\/p>\n\n\n\n<p>\u201cNo cortes los \u00e1rboles, es injusto\u201d, se le\u00eda en algunas de las pancartas que sostuvieron durante su protesta en el \u00e1rea afectada de Lomas Verdes.<br>De acuerdo con Mar\u00eda de los \u00c1ngeles Delf\u00edn Cruz, vecina de la zona, han notado que los \u00e1rboles se secan de forma extra\u00f1a y posteriormente acude personal del ayuntamiento para talarlos.<\/p>\n\n\n\n<p>\u201cDesde hace dos a\u00f1os he estado observando que los \u00e1rboles se est\u00e1n secando. Hab\u00eda \u00e1rboles muy frondosos donde ven\u00edan muchas aves a hacer sus nidos, pero se sec\u00f3, me pareci\u00f3 extra\u00f1o. Tambi\u00e9n otros \u00e1rboles comenzaron a secarse. En una ocasi\u00f3n cont\u00e9 ocho \u00e1rboles\u201d.<\/p>\n\n\n\n<p>Posteriormente, los vecinos se percataron de que personal del ayuntamiento de Xalapa llega a sacar le\u00f1a, bajo el argumento de que lleva a cabo labores de chapeo.<\/p>\n\n\n\n<p>\u201cSe llevan la le\u00f1a, los \u00e1rboles y hasta vienen en las noches, eso nos dio la sospecha de que esto se est\u00e1 haciendo al prop\u00f3sito, es lo que creemos nosotros. Vienen en el d\u00eda a sacar, dejan los montones y en las noches ya traen un carro para llev\u00e1rsela\u201d.<\/p>\n\n\n\n<p>Los habitantes se han organizado para emprender acciones de vigilancia y as\u00ed proteger el \u00e1rea verde de la Primera Secci\u00f3n de Lomas Verdes.<\/p>\n\n\n\n<p>\u201cEstamos m\u00e1s pendientes, sino a la larga van a acabar con esta \u00e1rea verde de Lomas Verdes porque es un buen pulm\u00f3n en la ciudad que todav\u00eda queremos conservar\u201d, a\u00f1adi\u00f3 Delf\u00edn Cruz.<\/p>\n","protected":false},"excerpt":{"rendered":"<p>Juan Arcos Xalapa, Ver.- Vecinos de la colonia Lomas Verdes, Primera Secci\u00f3n, ubicada en la zona sur de la ciudad de Xalapa, protestaron este lunes para denunciar que los \u00e1rboles del \u00e1rea verde est\u00e1n siendo derribados, de manera ilegal. Los troncos secos de los \u00e1rboles se encuentran amontonados en dicha zona, paralela al circuito Loma [&hellip;]<\/p>\n","protected":false},"author":2476,"featured_media":42483,"comment_status":"open","ping_status":"open","sticky":false,"template":"","format":"standard","meta":{"_jetpack_memberships_contains_paid_content":false,"footnotes":""},"categories":[3],"tags":[],"class_list":["post-42482","post","type-post","status-publish","format-standard","has-post-thumbnail","hentry","category-xalapa"],"jetpack_featured_media_url":"https:\/\/encuentroinformativo.com.mx\/wp-content\/uploads\/2023\/07\/1d6138d6-9856-4c78-a3cd-41ee4e1eee4f.jpg","jetpack_sharing_enabled":true,"jetpack_likes_enabled":true,"amp_enabled":true,"_links":{"self":[{"href":"https:\/\/encuentroinformativo.com.mx\/index.php?rest_route=\/wp\/v2\/posts\/42482","targetHints":{"allow":["GET"]}}],"collection":[{"href":"https:\/\/encuentroinformativo.com.mx\/index.php?rest_route=\/wp\/v2\/posts"}],"about":[{"href":"https:\/\/encuentroinformativo.com.mx\/index.php?rest_route=\/wp\/v2\/types\/post"}],"author":[{"embeddable":true,"href":"https:\/\/encuentroinformativo.com.mx\/index.php?rest_route=\/wp\/v2\/users\/2476"}],"replies":[{"embeddable":true,"href":"https:\/\/encuentroinformativo.com.mx\/index.php?rest_route=%2Fwp%2Fv2%2Fcomments&post=42482"}],"version-history":[{"count":1,"href":"https:\/\/encuentroinformativo.com.mx\/index.php?rest_route=\/wp\/v2\/posts\/42482\/revisions"}],"predecessor-version":[{"id":42484,"href":"https:\/\/encuentroinformativo.com.mx\/index.php?rest_route=\/wp\/v2\/posts\/42482\/revisions\/42484"}],"wp:featuredmedia":[{"embeddable":true,"href":"https:\/\/encuentroinformativo.com.mx\/index.php?rest_route=\/wp\/v2\/media\/42483"}],"wp:attachment":[{"href":"https:\/\/encuentroinformativo.com.mx\/index.php?rest_route=%2Fwp%2Fv2%2Fmedia&parent=42482"}],"wp:term":[{"taxonomy":"category","embeddable":true,"href":"https:\/\/encuentroinformativo.com.mx\/index.php?rest_route=%2Fwp%2Fv2%2Fcategories&post=42482"},{"taxonomy":"post_tag","embeddable":true,"href":"https:\/\/encuentroinformativo.com.mx\/index.php?rest_route=%2Fwp%2Fv2%2Ftags&post=42482"}],"curies":[{"name":"wp","href":"https:\/\/api.w.org\/{rel}","templated":true}]}}