{"id":42488,"date":"2023-07-03T12:46:42","date_gmt":"2023-07-03T18:46:42","guid":{"rendered":"https:\/\/encuentroinformativo.com.mx\/?p=42488"},"modified":"2023-07-03T12:46:46","modified_gmt":"2023-07-03T18:46:46","slug":"inicia-manana-pago-de-pensiones-para-adultos-mayores","status":"publish","type":"post","link":"https:\/\/encuentroinformativo.com.mx\/?p=42488","title":{"rendered":"Inicia ma\u00f1ana pago de pensiones para adultos mayores"},"content":{"rendered":"\n<p><strong>Dar\u00edo Pale <\/strong><\/p>\n\n\n\n<p>Xalapa, Ver.- El pr\u00f3ximo martes 4 de julio iniciar\u00e1 el pago de pensiones para adultos mayores y personas con discapacidad correspondiente al bimestre julio-agosto, as\u00ed lo inform\u00f3 el delegado de los programas sociales en Veracruz, Manuel Huerta Ladr\u00f3n de Guevara.<\/p>\n\n\n\n<p>En conferencia de prensa se\u00f1al\u00f3 que el operativo concluir\u00e1 hasta el 17 de julio y los beneficiarios recibir\u00e1n el recurso en orden alfab\u00e9tico.<\/p>\n\n\n\n<p>El d\u00eda 4 le tocar\u00e1 a las letras A y B; el 5 a la C; el 6 a D, E, F; el 7 a la G; el lunes 10 a las letras H, I, J, K, L; el 11 a la M; el 12 a la N, \u00d1, O, P, Q. Mientras que el 13 a la R; el 14 a la S, T, U; y el lunes 17 a la V, W, X, Y, Z.\u00a0<\/p>\n\n\n\n<p>De acuerdo a Manuel Huerta, en la entidad veracruzana se han incorporado 9 mil 969 personas con alguna discapacidad.<\/p>\n\n\n\n<p>A su vez, indic\u00f3 que el operativo de pago asistido est\u00e1 por concluir con el bimestre julio-agosto, mismo que beneficiar\u00e1 a 225 mil 857 adultos mayores y 32 mil 103 personas con discapacidad.<\/p>\n\n\n\n<p>Finalmente, Manuel Huerta mencion\u00f3 que del 11 al 18 de julio se entregar\u00e1n los medios de pago para m\u00e1s de 8 mil beneficiarios del programa &#8216;J\u00f3venes Construyendo el Futuro&#8217;, el cual otorga 6 mil 310 pesos mensuales a los inscritos.<\/p>\n","protected":false},"excerpt":{"rendered":"<p>Dar\u00edo Pale Xalapa, Ver.- El pr\u00f3ximo martes 4 de julio iniciar\u00e1 el pago de pensiones para adultos mayores y personas con discapacidad correspondiente al bimestre julio-agosto, as\u00ed lo inform\u00f3 el delegado de los programas sociales en Veracruz, Manuel Huerta Ladr\u00f3n de Guevara. En conferencia de prensa se\u00f1al\u00f3 que el operativo concluir\u00e1 hasta el 17 de [&hellip;]<\/p>\n","protected":false},"author":2476,"featured_media":26077,"comment_status":"open","ping_status":"open","sticky":false,"template":"","format":"standard","meta":{"_jetpack_memberships_contains_paid_content":false,"footnotes":""},"categories":[2],"tags":[],"class_list":["post-42488","post","type-post","status-publish","format-standard","has-post-thumbnail","hentry","category-estado"],"jetpack_featured_media_url":"https:\/\/encuentroinformativo.com.mx\/wp-content\/uploads\/2022\/04\/32628326-1D3B-4BAF-A419-E5227AE4C7FC.jpeg","jetpack_sharing_enabled":true,"jetpack_likes_enabled":true,"amp_enabled":true,"_links":{"self":[{"href":"https:\/\/encuentroinformativo.com.mx\/index.php?rest_route=\/wp\/v2\/posts\/42488","targetHints":{"allow":["GET"]}}],"collection":[{"href":"https:\/\/encuentroinformativo.com.mx\/index.php?rest_route=\/wp\/v2\/posts"}],"about":[{"href":"https:\/\/encuentroinformativo.com.mx\/index.php?rest_route=\/wp\/v2\/types\/post"}],"author":[{"embeddable":true,"href":"https:\/\/encuentroinformativo.com.mx\/index.php?rest_route=\/wp\/v2\/users\/2476"}],"replies":[{"embeddable":true,"href":"https:\/\/encuentroinformativo.com.mx\/index.php?rest_route=%2Fwp%2Fv2%2Fcomments&post=42488"}],"version-history":[{"count":1,"href":"https:\/\/encuentroinformativo.com.mx\/index.php?rest_route=\/wp\/v2\/posts\/42488\/revisions"}],"predecessor-version":[{"id":42489,"href":"https:\/\/encuentroinformativo.com.mx\/index.php?rest_route=\/wp\/v2\/posts\/42488\/revisions\/42489"}],"wp:featuredmedia":[{"embeddable":true,"href":"https:\/\/encuentroinformativo.com.mx\/index.php?rest_route=\/wp\/v2\/media\/26077"}],"wp:attachment":[{"href":"https:\/\/encuentroinformativo.com.mx\/index.php?rest_route=%2Fwp%2Fv2%2Fmedia&parent=42488"}],"wp:term":[{"taxonomy":"category","embeddable":true,"href":"https:\/\/encuentroinformativo.com.mx\/index.php?rest_route=%2Fwp%2Fv2%2Fcategories&post=42488"},{"taxonomy":"post_tag","embeddable":true,"href":"https:\/\/encuentroinformativo.com.mx\/index.php?rest_route=%2Fwp%2Fv2%2Ftags&post=42488"}],"curies":[{"name":"wp","href":"https:\/\/api.w.org\/{rel}","templated":true}]}}