{"id":42490,"date":"2023-07-03T10:48:20","date_gmt":"2023-07-03T16:48:20","guid":{"rendered":"https:\/\/encuentroinformativo.com.mx\/?p=42490"},"modified":"2023-07-03T12:51:15","modified_gmt":"2023-07-03T18:51:15","slug":"realizan-feria-agropecuaria-a-bajo-costo-en-medellin-de-bravo","status":"publish","type":"post","link":"https:\/\/encuentroinformativo.com.mx\/?p=42490","title":{"rendered":"Realizan Feria Agropecuaria a bajo costo en Medell\u00edn de Bravo"},"content":{"rendered":"\n<p><strong>Alejandro \u00c1vila<\/strong><\/p>\n\n\n\n<p>Medell\u00edn de Bravo, Ver.- El pasado fin de semana se llev\u00f3 a cabo la primera edici\u00f3n de la Feria &#8220;Memotiva el Campo&#8221;; proyecto que busca llevar productos agropecuarios a bajo costo a todas las localidades del municipio de Medell\u00edn de Bravo.<\/p>\n\n\n\n<p>El empresario, Guillermo Herrada Jim\u00e9nez, destac\u00f3 la participaci\u00f3n de las diversos comercios que ofertaron productos como l\u00e1minas, carretillas y maquinaria del campo a bajo costo.<\/p>\n\n\n\n<p>&#8220;Tocamos las puertas de diversos empresarios con la finalidad de traer productos a bajo costo y seguir apoyando la econom\u00eda de nuestras familias medellinenses. Estamos vendiendo un paquete de l\u00e1minas, un juego de ba\u00f1os, un paquete de carretillas, y productos del campo de manera general, todo a bajo costo siempre y cuando est\u00e9n registrados con la membres\u00eda Memo, y este beneficio no es el \u00fanico, hay much\u00edsimos&#8221;, resalt\u00f3 el empresario Guillermo Herrada.<\/p>\n\n\n\n<p>La Feria Agropecuaria &#8220;Memotiva el Campo&#8221; se realizar\u00e1 peri\u00f3dicamente en todas las localidades del municipio de Medell\u00edn de Bravo, con la finalidad de beneficiar el mayor n\u00famero de personas, pues es la principal actividad de la ciudadan\u00eda.<\/p>\n\n\n\n<p>Guillermo Herrada Jim\u00e9nez dijo que se encuentran en gestiones para activar una campa\u00f1a de medicamento a bajo costo.<\/p>\n","protected":false},"excerpt":{"rendered":"<p>Alejandro \u00c1vila Medell\u00edn de Bravo, Ver.- El pasado fin de semana se llev\u00f3 a cabo la primera edici\u00f3n de la Feria &#8220;Memotiva el Campo&#8221;; proyecto que busca llevar productos agropecuarios a bajo costo a todas las localidades del municipio de Medell\u00edn de Bravo. El empresario, Guillermo Herrada Jim\u00e9nez, destac\u00f3 la participaci\u00f3n de las diversos comercios [&hellip;]<\/p>\n","protected":false},"author":2476,"featured_media":42491,"comment_status":"open","ping_status":"open","sticky":false,"template":"","format":"standard","meta":{"_jetpack_memberships_contains_paid_content":false,"footnotes":""},"categories":[2],"tags":[],"class_list":["post-42490","post","type-post","status-publish","format-standard","has-post-thumbnail","hentry","category-estado"],"jetpack_featured_media_url":"https:\/\/encuentroinformativo.com.mx\/wp-content\/uploads\/2023\/07\/IMG-20230703-WA00282.jpg","jetpack_sharing_enabled":true,"jetpack_likes_enabled":true,"amp_enabled":true,"_links":{"self":[{"href":"https:\/\/encuentroinformativo.com.mx\/index.php?rest_route=\/wp\/v2\/posts\/42490","targetHints":{"allow":["GET"]}}],"collection":[{"href":"https:\/\/encuentroinformativo.com.mx\/index.php?rest_route=\/wp\/v2\/posts"}],"about":[{"href":"https:\/\/encuentroinformativo.com.mx\/index.php?rest_route=\/wp\/v2\/types\/post"}],"author":[{"embeddable":true,"href":"https:\/\/encuentroinformativo.com.mx\/index.php?rest_route=\/wp\/v2\/users\/2476"}],"replies":[{"embeddable":true,"href":"https:\/\/encuentroinformativo.com.mx\/index.php?rest_route=%2Fwp%2Fv2%2Fcomments&post=42490"}],"version-history":[{"count":1,"href":"https:\/\/encuentroinformativo.com.mx\/index.php?rest_route=\/wp\/v2\/posts\/42490\/revisions"}],"predecessor-version":[{"id":42492,"href":"https:\/\/encuentroinformativo.com.mx\/index.php?rest_route=\/wp\/v2\/posts\/42490\/revisions\/42492"}],"wp:featuredmedia":[{"embeddable":true,"href":"https:\/\/encuentroinformativo.com.mx\/index.php?rest_route=\/wp\/v2\/media\/42491"}],"wp:attachment":[{"href":"https:\/\/encuentroinformativo.com.mx\/index.php?rest_route=%2Fwp%2Fv2%2Fmedia&parent=42490"}],"wp:term":[{"taxonomy":"category","embeddable":true,"href":"https:\/\/encuentroinformativo.com.mx\/index.php?rest_route=%2Fwp%2Fv2%2Fcategories&post=42490"},{"taxonomy":"post_tag","embeddable":true,"href":"https:\/\/encuentroinformativo.com.mx\/index.php?rest_route=%2Fwp%2Fv2%2Ftags&post=42490"}],"curies":[{"name":"wp","href":"https:\/\/api.w.org\/{rel}","templated":true}]}}