{"id":42499,"date":"2023-07-03T14:35:37","date_gmt":"2023-07-03T20:35:37","guid":{"rendered":"https:\/\/encuentroinformativo.com.mx\/?p=42499"},"modified":"2023-07-03T14:35:41","modified_gmt":"2023-07-03T20:35:41","slug":"nada-que-celebrar-con-amlo-fest-cuestiona-senador","status":"publish","type":"post","link":"https:\/\/encuentroinformativo.com.mx\/?p=42499","title":{"rendered":"Nada que celebrar con AMLO Fest, cuestiona Senador"},"content":{"rendered":"\n<p><strong>Dar\u00edo Pale <\/strong><\/p>\n\n\n\n<p>Xalapa, Ver.- No hay motivos para haber realizado el llamado &#8220;<em>AMLO Fest<\/em>&#8220;en el que m\u00e1s 157 mil personas participaron el pasado s\u00e1bado, en la Ciudad de M\u00e9xico, ya que no hay nada que celebrar en el quinto a\u00f1o de gobierno de Andr\u00e9s Manuel L\u00f3pez Obrador, pues incluso calific\u00f3 su gesti\u00f3n en materia de salud como &#8216;un desastre&#8217;.<\/p>\n\n\n\n<p>En conferencia de prensa el senador Julen Rementer\u00eda del Puerto critic\u00f3 la realizaci\u00f3n del &#8220;AMLO Fest&#8221;, ya que se\u00f1al\u00f3 que el pa\u00eds est\u00e1 lejos de adoptar el modelo de Salud de Dinamarca, tal y como L\u00f3pez Obrador lo asegur\u00f3 en su campa\u00f1a rumbo a la presidencia.\u00a0<\/p>\n\n\n\n<p>&#8220;En materia de salud, si pudi\u00e9ramos calificar cu\u00e1l ha sido la gesti\u00f3n de este gobierno lo podemos resumir en una sola palabra: desastre&#8221;, se\u00f1alando.<\/p>\n\n\n\n<p>A su vez se\u00f1al\u00f3 los diferentes problemas que se presentan en Veracruz, se refiri\u00f3 especialmente a la falta de agua y ventilaci\u00f3n en los hospitales, el desabasto de medicamentos, y las muertes causadas por la ola de calor y la pandemia de Covid-19.<\/p>\n\n\n\n<p>&#8220;\u00bfC\u00f3mo podemos hablar de festejar algo? Prometi\u00f3 que acabar\u00eda con la violencia, y sabemos de las 157 mil muertes violentas, m\u00e1s que nunca en la historia del pa\u00eds. Se le sigue echando la culpa al pasado, pero no es as\u00ed&#8221;, acus\u00f3.<\/p>\n\n\n\n<p>Rementer\u00eda del Puerto critic\u00f3 que la refiner\u00eda de Dos Bocas siga sin iniciar operaciones y que s\u00f3lo se le haya &#8220;tomado el pelo&#8221; a la ciudadan\u00eda y al propio presidente con su &#8220;pre arranque&#8221;.<\/p>\n\n\n\n<p>Por \u00faltimo mencion\u00f3 que de acuerdo a expertos la obra podr\u00eda concretarse hasta el 2027, lo que refleja ineficiencia en la planeaci\u00f3n y confirma que las fechas para la producci\u00f3n de barriles de petr\u00f3leo son una promesa incumplida.<\/p>\n","protected":false},"excerpt":{"rendered":"<p>Dar\u00edo Pale Xalapa, Ver.- No hay motivos para haber realizado el llamado &#8220;AMLO Fest&#8220;en el que m\u00e1s 157 mil personas participaron el pasado s\u00e1bado, en la Ciudad de M\u00e9xico, ya que no hay nada que celebrar en el quinto a\u00f1o de gobierno de Andr\u00e9s Manuel L\u00f3pez Obrador, pues incluso calific\u00f3 su gesti\u00f3n en materia de [&hellip;]<\/p>\n","protected":false},"author":2476,"featured_media":42500,"comment_status":"open","ping_status":"open","sticky":false,"template":"","format":"standard","meta":{"_jetpack_memberships_contains_paid_content":false,"footnotes":""},"categories":[12],"tags":[],"class_list":["post-42499","post","type-post","status-publish","format-standard","has-post-thumbnail","hentry","category-nacional"],"jetpack_featured_media_url":"https:\/\/encuentroinformativo.com.mx\/wp-content\/uploads\/2023\/07\/IMG-20230703-WA00322.jpg","jetpack_sharing_enabled":true,"jetpack_likes_enabled":true,"amp_enabled":true,"_links":{"self":[{"href":"https:\/\/encuentroinformativo.com.mx\/index.php?rest_route=\/wp\/v2\/posts\/42499","targetHints":{"allow":["GET"]}}],"collection":[{"href":"https:\/\/encuentroinformativo.com.mx\/index.php?rest_route=\/wp\/v2\/posts"}],"about":[{"href":"https:\/\/encuentroinformativo.com.mx\/index.php?rest_route=\/wp\/v2\/types\/post"}],"author":[{"embeddable":true,"href":"https:\/\/encuentroinformativo.com.mx\/index.php?rest_route=\/wp\/v2\/users\/2476"}],"replies":[{"embeddable":true,"href":"https:\/\/encuentroinformativo.com.mx\/index.php?rest_route=%2Fwp%2Fv2%2Fcomments&post=42499"}],"version-history":[{"count":1,"href":"https:\/\/encuentroinformativo.com.mx\/index.php?rest_route=\/wp\/v2\/posts\/42499\/revisions"}],"predecessor-version":[{"id":42501,"href":"https:\/\/encuentroinformativo.com.mx\/index.php?rest_route=\/wp\/v2\/posts\/42499\/revisions\/42501"}],"wp:featuredmedia":[{"embeddable":true,"href":"https:\/\/encuentroinformativo.com.mx\/index.php?rest_route=\/wp\/v2\/media\/42500"}],"wp:attachment":[{"href":"https:\/\/encuentroinformativo.com.mx\/index.php?rest_route=%2Fwp%2Fv2%2Fmedia&parent=42499"}],"wp:term":[{"taxonomy":"category","embeddable":true,"href":"https:\/\/encuentroinformativo.com.mx\/index.php?rest_route=%2Fwp%2Fv2%2Fcategories&post=42499"},{"taxonomy":"post_tag","embeddable":true,"href":"https:\/\/encuentroinformativo.com.mx\/index.php?rest_route=%2Fwp%2Fv2%2Ftags&post=42499"}],"curies":[{"name":"wp","href":"https:\/\/api.w.org\/{rel}","templated":true}]}}