{"id":42502,"date":"2023-07-03T14:40:31","date_gmt":"2023-07-03T20:40:31","guid":{"rendered":"https:\/\/encuentroinformativo.com.mx\/?p=42502"},"modified":"2023-07-03T14:40:35","modified_gmt":"2023-07-03T20:40:35","slug":"crean-colectivos-de-busqueda-archivos-de-personas-desaparecidas","status":"publish","type":"post","link":"https:\/\/encuentroinformativo.com.mx\/?p=42502","title":{"rendered":"Crean Colectivos de B\u00fasqueda archivos de personas desaparecidas"},"content":{"rendered":"\n<p><strong>Juan Arcos <\/strong><\/p>\n\n\n\n<p>Xalapa, Ver.- Diversos colectivos de b\u00fasqueda se organizaron y crearon un portal web con un archivo de personas desaparecidas en el estado de Veracruz.<\/p>\n\n\n\n<p>Algunas de las fotograf\u00edas tambi\u00e9n fueron colocadas en un mural que montaron al interior del centro cultural \u201cTierra Luna\u201d, ubicado sobre la calle Ray\u00f3n n\u00famero 18 de la zona centro de la capital veracruzana.<\/p>\n\n\n\n<p>En las im\u00e1genes se observa parte de la convivencia que tuvieron las personas con sus familias antes de su desaparici\u00f3n.<\/p>\n\n\n\n<p>A estas acciones se sumaron los colectivos Familiares Enlaces Xalapa, La Esperanza de Reencuentro, Buscando a Nuestros Desaparecidos y Desaparecidas, Colectivo Por la Paz Xalapa, Unidas Colectiva, Escuela de Derechos Humanos, Triciclo Impresi\u00f3n, Grupo Antares, Puro Bling, Pedro Guez, Museo de las Identidades Digitales, Manuel Canseco, Taciturno y la Comisi\u00f3n Estatal de B\u00fasqueda.<\/p>\n\n\n\n<p>De acuerdo con el director de Tierra Luna, Emilio Gomagu, el mural ser\u00e1 exhibido hasta el pr\u00f3ximo 29 de julio en las instalaciones de este centro cultural de Xalapa.<\/p>\n\n\n\n<p>El entrevistado indic\u00f3 que el mural es un fragmento del archivo principal del proyecto comunitario, mismo que puede consultarse en la p\u00e1gina\u00a0<a rel=\"noreferrer noopener\" href=\"http:\/\/www.archivodelamemoria.org\/\" target=\"_blank\">www.archivodelamemoria.org<\/a>.<\/p>\n\n\n\n<p>De lunes a jueves, en un horario de 19:00 a 21:00 horas, se proyectar\u00e1 el trabajo audiovisual en su totalidad y el resto de los d\u00edas estar\u00eda disponible el mural.<\/p>\n\n\n\n<p>Se busca promover la memoria colectiva, abonar a la construcci\u00f3n de narrativas que recuperen los proyectos de vida de las personas que est\u00e1n siendo buscadas; as\u00ed como sensibilizar a la poblaci\u00f3n sobre el fen\u00f3meno de la desaparici\u00f3n de personas y retratar una \u00e9poca en la que como v\u00edctimas directas e indirectas, las personas que viven en Veracruz fueron afectadas.<\/p>\n\n\n\n<p>Los colectivos de b\u00fasqueda invitaron a la poblaci\u00f3n que aporte documentaci\u00f3n vinculada con la desaparici\u00f3n de personas en Xalapa y las formas de organizaci\u00f3n colectiva.<\/p>\n\n\n\n<p>En ese sentido, ser\u00e1n recibidas fotograf\u00edas, videos, notas period\u00edsticas, cartas, carteles y otros art\u00edculos al correo electr\u00f3nico\u00a0<a rel=\"noreferrer noopener\" href=\"mailto:archivodelamemoriaxalapa@gmail.com\" target=\"_blank\">archivodelamemoriaxalapa@gmail.com<\/a>, para preservarlos y ponerlos a consulta p\u00fablica.<\/p>\n","protected":false},"excerpt":{"rendered":"<p>Juan Arcos Xalapa, Ver.- Diversos colectivos de b\u00fasqueda se organizaron y crearon un portal web con un archivo de personas desaparecidas en el estado de Veracruz. Algunas de las fotograf\u00edas tambi\u00e9n fueron colocadas en un mural que montaron al interior del centro cultural \u201cTierra Luna\u201d, ubicado sobre la calle Ray\u00f3n n\u00famero 18 de la zona [&hellip;]<\/p>\n","protected":false},"author":2476,"featured_media":42503,"comment_status":"open","ping_status":"open","sticky":false,"template":"","format":"standard","meta":{"_jetpack_memberships_contains_paid_content":false,"footnotes":""},"categories":[2],"tags":[],"class_list":["post-42502","post","type-post","status-publish","format-standard","has-post-thumbnail","hentry","category-estado"],"jetpack_featured_media_url":"https:\/\/encuentroinformativo.com.mx\/wp-content\/uploads\/2023\/07\/IMG_7560.jpg","jetpack_sharing_enabled":true,"jetpack_likes_enabled":true,"amp_enabled":true,"_links":{"self":[{"href":"https:\/\/encuentroinformativo.com.mx\/index.php?rest_route=\/wp\/v2\/posts\/42502","targetHints":{"allow":["GET"]}}],"collection":[{"href":"https:\/\/encuentroinformativo.com.mx\/index.php?rest_route=\/wp\/v2\/posts"}],"about":[{"href":"https:\/\/encuentroinformativo.com.mx\/index.php?rest_route=\/wp\/v2\/types\/post"}],"author":[{"embeddable":true,"href":"https:\/\/encuentroinformativo.com.mx\/index.php?rest_route=\/wp\/v2\/users\/2476"}],"replies":[{"embeddable":true,"href":"https:\/\/encuentroinformativo.com.mx\/index.php?rest_route=%2Fwp%2Fv2%2Fcomments&post=42502"}],"version-history":[{"count":1,"href":"https:\/\/encuentroinformativo.com.mx\/index.php?rest_route=\/wp\/v2\/posts\/42502\/revisions"}],"predecessor-version":[{"id":42504,"href":"https:\/\/encuentroinformativo.com.mx\/index.php?rest_route=\/wp\/v2\/posts\/42502\/revisions\/42504"}],"wp:featuredmedia":[{"embeddable":true,"href":"https:\/\/encuentroinformativo.com.mx\/index.php?rest_route=\/wp\/v2\/media\/42503"}],"wp:attachment":[{"href":"https:\/\/encuentroinformativo.com.mx\/index.php?rest_route=%2Fwp%2Fv2%2Fmedia&parent=42502"}],"wp:term":[{"taxonomy":"category","embeddable":true,"href":"https:\/\/encuentroinformativo.com.mx\/index.php?rest_route=%2Fwp%2Fv2%2Fcategories&post=42502"},{"taxonomy":"post_tag","embeddable":true,"href":"https:\/\/encuentroinformativo.com.mx\/index.php?rest_route=%2Fwp%2Fv2%2Ftags&post=42502"}],"curies":[{"name":"wp","href":"https:\/\/api.w.org\/{rel}","templated":true}]}}