{"id":42505,"date":"2023-07-03T22:55:08","date_gmt":"2023-07-04T04:55:08","guid":{"rendered":"https:\/\/encuentroinformativo.com.mx\/?p=42505"},"modified":"2023-07-03T22:55:12","modified_gmt":"2023-07-04T04:55:12","slug":"registran-batallas-campales-en-desfiles-de-carnaval","status":"publish","type":"post","link":"https:\/\/encuentroinformativo.com.mx\/?p=42505","title":{"rendered":"Registran batallas &#8220;campales&#8221; en desfiles de Carnaval"},"content":{"rendered":"\n<p><strong>Juan Arcos <\/strong><\/p>\n\n\n\n<p>Xalapa, Ver.- En redes sociales circulan videos sobre las \u201cbatallas campales\u201d que ocurrieron durante el desfile del Carnaval de Veracruz 2023, donde sujetos en aparente estado de ebriedad se lanzaron hasta las vallas met\u00e1licas del \u00e1rea de las gradas.<\/p>\n\n\n\n<p>Esto ocurri\u00f3 durante el evento realizado en la zona conurbada Veracruz-Boca del R\u00edo, pese al fuerte dispositivo de seguridad que despleg\u00f3 la Secretar\u00eda de Seguridad P\u00fablica (SSP), a cargo de Cuauht\u00e9moc Z\u00fa\u00f1iga Bonilla, para garantizar el orden.<\/p>\n\n\n\n<p>Un usuario de Facebook us\u00f3 la canci\u00f3n \u201cNumb\u201d de la banda de rock Likin Park para ambientar el video donde se observa a dos grupos de personas que se agreden con las barreras de seguridad, en pleno desfile y entre los carros aleg\u00f3ricos.<\/p>\n\n\n\n<p>Esto ocurri\u00f3 sobre el bulevar Manuel \u00c1vila Camacho durante el Carnaval de Veracruz, considerado la fiesta m\u00e1s grande de la entidad y uno de los eventos tur\u00edsticos m\u00e1s importantes del pa\u00eds.<\/p>\n\n\n\n<p>Durante esta festividad carnestolenda donde lucen decenas de comparsas, batucadas, bastoneras, carros aleg\u00f3ricos y la Corte Real de esta edici\u00f3n han sido comunes las ri\u00f1as entre personas que se exceden en el consumo de cerveza y otras bebidas alcoh\u00f3licas.<\/p>\n\n\n\n<p>En otro hecho de violencia que fue captado durante el Carnaval de Veracruz, se observa a dos mujeres agredi\u00e9ndose y jal\u00e1ndose el cabello mientras un var\u00f3n vestido de amarillo intenta separarlas.<\/p>\n\n\n\n<p>Los espectadores gritaron para evitar que continuaran peleando, pero se calentaron los \u00e1nimos y se origin\u00f3 otra ri\u00f1a aleda\u00f1a, donde otro par de mujeres se agredi\u00f3 f\u00edsicamente.<\/p>\n\n\n\n<p>Tras estas peleas campales ocurridas durante el fin de semana, autoridades municipales, estatales y ni el Comit\u00e9 Organizador del Carnaval de Veracruz 2023 se han pronunciado al respecto.<\/p>\n\n\n\n<p>El evento tur\u00edstico inici\u00f3 el pasado 29 de junio con la \u201cQuema del Mal Humor\u201d, cuyo personaje simb\u00f3lico del cual se deshicieron los jarochos fue la \u201cinflaci\u00f3n\u201d. Los cuatro paseos se realizar\u00edan durante el s\u00e1bado, domingo, lunes y martes. Tambi\u00e9n se programaron conciertos masivos de Guaynaa, Lucero y Mijares, Caf\u00e9 Tacvba y Diego Torres.<\/p>\n\n\n\n<p>El evento tur\u00edstico concluir\u00e1 el mi\u00e9rcoles 5 de julio con el \u201cEntierro de Juan Carnaval\u201d, donde simulan el sepelio de la fiesta carnestolenda, en la zona del Z\u00f3calo de Veracruz.<\/p>\n\n\n\n<p>Previo al evento, el gobernador Cuitl\u00e1huac Garc\u00eda Jim\u00e9nez revel\u00f3 que las familias y turistas estar\u00edan protegidos por 2 mil 168 elementos de seguridad, bajo un operativo coordinado entre los tres \u00f3rdenes de gobierno.<\/p>\n","protected":false},"excerpt":{"rendered":"<p>Juan Arcos Xalapa, Ver.- En redes sociales circulan videos sobre las \u201cbatallas campales\u201d que ocurrieron durante el desfile del Carnaval de Veracruz 2023, donde sujetos en aparente estado de ebriedad se lanzaron hasta las vallas met\u00e1licas del \u00e1rea de las gradas. Esto ocurri\u00f3 durante el evento realizado en la zona conurbada Veracruz-Boca del R\u00edo, pese [&hellip;]<\/p>\n","protected":false},"author":2476,"featured_media":42506,"comment_status":"open","ping_status":"open","sticky":false,"template":"","format":"standard","meta":{"_jetpack_memberships_contains_paid_content":false,"footnotes":""},"categories":[2],"tags":[],"class_list":["post-42505","post","type-post","status-publish","format-standard","has-post-thumbnail","hentry","category-estado"],"jetpack_featured_media_url":"https:\/\/encuentroinformativo.com.mx\/wp-content\/uploads\/2023\/07\/IMG_7579.jpg","jetpack_sharing_enabled":true,"jetpack_likes_enabled":true,"amp_enabled":true,"_links":{"self":[{"href":"https:\/\/encuentroinformativo.com.mx\/index.php?rest_route=\/wp\/v2\/posts\/42505","targetHints":{"allow":["GET"]}}],"collection":[{"href":"https:\/\/encuentroinformativo.com.mx\/index.php?rest_route=\/wp\/v2\/posts"}],"about":[{"href":"https:\/\/encuentroinformativo.com.mx\/index.php?rest_route=\/wp\/v2\/types\/post"}],"author":[{"embeddable":true,"href":"https:\/\/encuentroinformativo.com.mx\/index.php?rest_route=\/wp\/v2\/users\/2476"}],"replies":[{"embeddable":true,"href":"https:\/\/encuentroinformativo.com.mx\/index.php?rest_route=%2Fwp%2Fv2%2Fcomments&post=42505"}],"version-history":[{"count":1,"href":"https:\/\/encuentroinformativo.com.mx\/index.php?rest_route=\/wp\/v2\/posts\/42505\/revisions"}],"predecessor-version":[{"id":42507,"href":"https:\/\/encuentroinformativo.com.mx\/index.php?rest_route=\/wp\/v2\/posts\/42505\/revisions\/42507"}],"wp:featuredmedia":[{"embeddable":true,"href":"https:\/\/encuentroinformativo.com.mx\/index.php?rest_route=\/wp\/v2\/media\/42506"}],"wp:attachment":[{"href":"https:\/\/encuentroinformativo.com.mx\/index.php?rest_route=%2Fwp%2Fv2%2Fmedia&parent=42505"}],"wp:term":[{"taxonomy":"category","embeddable":true,"href":"https:\/\/encuentroinformativo.com.mx\/index.php?rest_route=%2Fwp%2Fv2%2Fcategories&post=42505"},{"taxonomy":"post_tag","embeddable":true,"href":"https:\/\/encuentroinformativo.com.mx\/index.php?rest_route=%2Fwp%2Fv2%2Ftags&post=42505"}],"curies":[{"name":"wp","href":"https:\/\/api.w.org\/{rel}","templated":true}]}}