{"id":4251,"date":"2020-07-20T14:06:09","date_gmt":"2020-07-20T19:06:09","guid":{"rendered":"https:\/\/encuentroinformativo.com\/?p=4251"},"modified":"2020-07-20T14:06:11","modified_gmt":"2020-07-20T19:06:11","slug":"reforzaran-seguridad-en-la-zona-centro-segun-villa-campa","status":"publish","type":"post","link":"https:\/\/encuentroinformativo.com.mx\/?p=4251","title":{"rendered":"Reforzar\u00e1n seguridad en la zona centro, seg\u00fan Villa Campa"},"content":{"rendered":"\n<p><strong>Dar\u00edo Pale <\/strong><\/p>\n\n\n\n<p>Xalapa, Ver.- El Director de Seguridad Ciudadana y Tr\u00e1nsito Municipal de Xalapa Francisco Villa Campa dio a conocer la motocicleta que se fue al lago \u201cla dejamos a secar en el lugar y despu\u00e9s de dos d\u00edas arranco y sigui\u00f3 caminando\u201d.<\/p>\n\n\n\n<p>Entrevistado previo a su ingreso a palacio municipal se\u00f1al\u00f3 que, se reforzar\u00e1 la vigilancia en el centro de la capital en donde en semanas pasadas aumentaron los asaltos y robos.<\/p>\n\n\n\n<p>&#8220;Van a poder ver en el centro de la ciudad, polic\u00eda municipal y polic\u00eda estatal patrullando juntos. Estamos en un evento de coordinaci\u00f3n en estas fechas para atender incidencias&#8221;.<\/p>\n\n\n\n<p>Dio a conocer que se cuenta con un sistema efectivo de videovigilancia en la capital, que ha permitido identificar la ruta de quienes delinquen, incluso la que \u00e9l mismo sigue, esto en relaci\u00f3n a la videograbaci\u00f3n del C4 con la cual Villa Campa justific\u00f3 un recorrido en el centro de Xalapa para llegar al paseo de Los Lagos cuando uno de sus elementos supuestamente tuvo un accidente y cay\u00f3 al agua.<\/p>\n\n\n\n<p>&#8220;En el centro de la ciudad, si al Director de la Polic\u00eda Municipal lo pueden grabar en sus recorridos y ustedes pueden ver la calidad de video que tenemos, de nuestro C4&#8221;, coment\u00f3.<\/p>\n\n\n\n<p>Dio a conocer que todo el centro est\u00e1 videograbado y que toda persona que delinca o el veh\u00edculo que participe en acciones delictivas ser\u00e1 identificado.<\/p>\n\n\n\n<p>En otro orden de ideas se\u00f1al\u00f3 que todas las unidades de la polic\u00eda municipal est\u00e1n aseguradas y cuentan con cobertura amplia, ya que existe tambi\u00e9n una responsabilidad solidaria.<\/p>\n\n\n\n<p>Finalmente en el caso de la unidad que se fue a Los Lagos la unidad se quedo dos d\u00edas sec\u00e1ndose ah\u00ed en el lugar y \u00a0\u201ces una cuatrimoto la unidad nada m\u00e1s se le secaron los sensores y la unidad sigui\u00f3 caminando\u201d.<\/p>\n\n\n\n<p><\/p>\n","protected":false},"excerpt":{"rendered":"<p>Dar\u00edo Pale Xalapa, Ver.- El Director de Seguridad Ciudadana y Tr\u00e1nsito Municipal de Xalapa Francisco Villa Campa dio a conocer la motocicleta que se fue al lago \u201cla dejamos a secar en el lugar y despu\u00e9s de dos d\u00edas arranco y sigui\u00f3 caminando\u201d. Entrevistado previo a su ingreso a palacio municipal se\u00f1al\u00f3 que, se reforzar\u00e1 [&hellip;]<\/p>\n","protected":false},"author":1,"featured_media":4252,"comment_status":"open","ping_status":"open","sticky":false,"template":"","format":"standard","meta":{"_jetpack_memberships_contains_paid_content":false,"footnotes":""},"categories":[3],"tags":[],"class_list":["post-4251","post","type-post","status-publish","format-standard","has-post-thumbnail","hentry","category-xalapa"],"jetpack_featured_media_url":"https:\/\/encuentroinformativo.com.mx\/wp-content\/uploads\/2020\/07\/11CAC4B2-105D-407C-8ACE-0D54B35C65C3.jpeg","jetpack_sharing_enabled":true,"jetpack_likes_enabled":true,"amp_enabled":true,"_links":{"self":[{"href":"https:\/\/encuentroinformativo.com.mx\/index.php?rest_route=\/wp\/v2\/posts\/4251","targetHints":{"allow":["GET"]}}],"collection":[{"href":"https:\/\/encuentroinformativo.com.mx\/index.php?rest_route=\/wp\/v2\/posts"}],"about":[{"href":"https:\/\/encuentroinformativo.com.mx\/index.php?rest_route=\/wp\/v2\/types\/post"}],"author":[{"embeddable":true,"href":"https:\/\/encuentroinformativo.com.mx\/index.php?rest_route=\/wp\/v2\/users\/1"}],"replies":[{"embeddable":true,"href":"https:\/\/encuentroinformativo.com.mx\/index.php?rest_route=%2Fwp%2Fv2%2Fcomments&post=4251"}],"version-history":[{"count":1,"href":"https:\/\/encuentroinformativo.com.mx\/index.php?rest_route=\/wp\/v2\/posts\/4251\/revisions"}],"predecessor-version":[{"id":4253,"href":"https:\/\/encuentroinformativo.com.mx\/index.php?rest_route=\/wp\/v2\/posts\/4251\/revisions\/4253"}],"wp:featuredmedia":[{"embeddable":true,"href":"https:\/\/encuentroinformativo.com.mx\/index.php?rest_route=\/wp\/v2\/media\/4252"}],"wp:attachment":[{"href":"https:\/\/encuentroinformativo.com.mx\/index.php?rest_route=%2Fwp%2Fv2%2Fmedia&parent=4251"}],"wp:term":[{"taxonomy":"category","embeddable":true,"href":"https:\/\/encuentroinformativo.com.mx\/index.php?rest_route=%2Fwp%2Fv2%2Fcategories&post=4251"},{"taxonomy":"post_tag","embeddable":true,"href":"https:\/\/encuentroinformativo.com.mx\/index.php?rest_route=%2Fwp%2Fv2%2Ftags&post=4251"}],"curies":[{"name":"wp","href":"https:\/\/api.w.org\/{rel}","templated":true}]}}