{"id":42523,"date":"2023-07-04T12:01:26","date_gmt":"2023-07-04T18:01:26","guid":{"rendered":"https:\/\/encuentroinformativo.com.mx\/?p=42523"},"modified":"2023-07-04T12:01:31","modified_gmt":"2023-07-04T18:01:31","slug":"pitcher-veracruzano-viaja-con-seleccion-sub-18-a-colombia-y-estados-unidos","status":"publish","type":"post","link":"https:\/\/encuentroinformativo.com.mx\/?p=42523","title":{"rendered":"Pitcher veracruzano viaja con selecci\u00f3n sub 18 a Colombia y Estados Unidos"},"content":{"rendered":"\n<p><strong>Alejandro \u00c1vila<\/strong><\/p>\n\n\n\n<p>Veracruz, Ver.- Edgar Ben\u00edtez Mar\u00eda, es un pitcher veracruzano originario del municipio de Tihuatl\u00e1n, que representar\u00e1 a M\u00e9xico con la selecci\u00f3n sub 18 en los pa\u00edses de Colombia, Estados Unidos y Puerto Rico.<\/p>\n\n\n\n<p>Seg\u00fan el itinerario, el tihuateco estar\u00e1 del 9 al 17 de julio en Colombia, mientras que del 23 de julio al 6 de agosto, el combinado mexicano visitar\u00e1 Estados Unidos y Puerto Rico.<\/p>\n\n\n\n<p>El serpentinero derecho, est\u00e1 siendo visoreado por equipos de la Liga Mexicana de B\u00e9isbol (LMB), entre los que destacan Saraperos de Saltillo y Pericos de Puebla, adem\u00e1s de la Plymouth State University en los Estados Unidos.<\/p>\n\n\n\n<p>El roster del equipo mexicano est\u00e1 conformado de 18 jugadores de diversos estados de la rep\u00fablica, los cuales buscan emular el gran paso del b\u00e9isbol nacional, que hace unos d\u00edas acaba de colgarse la medalla de oro en los Juegos Centroamericanos y del Caribe (JCC), de El Salvador 2023, haza\u00f1a lograda tambi\u00e9n con un veracruzano, el manager, Enrique &#8220;Che&#8221; Reyes.<\/p>\n","protected":false},"excerpt":{"rendered":"<p>Alejandro \u00c1vila Veracruz, Ver.- Edgar Ben\u00edtez Mar\u00eda, es un pitcher veracruzano originario del municipio de Tihuatl\u00e1n, que representar\u00e1 a M\u00e9xico con la selecci\u00f3n sub 18 en los pa\u00edses de Colombia, Estados Unidos y Puerto Rico. Seg\u00fan el itinerario, el tihuateco estar\u00e1 del 9 al 17 de julio en Colombia, mientras que del 23 de julio [&hellip;]<\/p>\n","protected":false},"author":2476,"featured_media":42524,"comment_status":"open","ping_status":"open","sticky":false,"template":"","format":"standard","meta":{"_jetpack_memberships_contains_paid_content":false,"footnotes":""},"categories":[2],"tags":[],"class_list":["post-42523","post","type-post","status-publish","format-standard","has-post-thumbnail","hentry","category-estado"],"jetpack_featured_media_url":"https:\/\/encuentroinformativo.com.mx\/wp-content\/uploads\/2023\/07\/IMG-20230704-WA00142.jpg","jetpack_sharing_enabled":true,"jetpack_likes_enabled":true,"amp_enabled":true,"_links":{"self":[{"href":"https:\/\/encuentroinformativo.com.mx\/index.php?rest_route=\/wp\/v2\/posts\/42523","targetHints":{"allow":["GET"]}}],"collection":[{"href":"https:\/\/encuentroinformativo.com.mx\/index.php?rest_route=\/wp\/v2\/posts"}],"about":[{"href":"https:\/\/encuentroinformativo.com.mx\/index.php?rest_route=\/wp\/v2\/types\/post"}],"author":[{"embeddable":true,"href":"https:\/\/encuentroinformativo.com.mx\/index.php?rest_route=\/wp\/v2\/users\/2476"}],"replies":[{"embeddable":true,"href":"https:\/\/encuentroinformativo.com.mx\/index.php?rest_route=%2Fwp%2Fv2%2Fcomments&post=42523"}],"version-history":[{"count":1,"href":"https:\/\/encuentroinformativo.com.mx\/index.php?rest_route=\/wp\/v2\/posts\/42523\/revisions"}],"predecessor-version":[{"id":42525,"href":"https:\/\/encuentroinformativo.com.mx\/index.php?rest_route=\/wp\/v2\/posts\/42523\/revisions\/42525"}],"wp:featuredmedia":[{"embeddable":true,"href":"https:\/\/encuentroinformativo.com.mx\/index.php?rest_route=\/wp\/v2\/media\/42524"}],"wp:attachment":[{"href":"https:\/\/encuentroinformativo.com.mx\/index.php?rest_route=%2Fwp%2Fv2%2Fmedia&parent=42523"}],"wp:term":[{"taxonomy":"category","embeddable":true,"href":"https:\/\/encuentroinformativo.com.mx\/index.php?rest_route=%2Fwp%2Fv2%2Fcategories&post=42523"},{"taxonomy":"post_tag","embeddable":true,"href":"https:\/\/encuentroinformativo.com.mx\/index.php?rest_route=%2Fwp%2Fv2%2Ftags&post=42523"}],"curies":[{"name":"wp","href":"https:\/\/api.w.org\/{rel}","templated":true}]}}