{"id":42540,"date":"2023-07-05T10:47:41","date_gmt":"2023-07-05T16:47:41","guid":{"rendered":"https:\/\/encuentroinformativo.com.mx\/?p=42540"},"modified":"2023-07-05T10:47:45","modified_gmt":"2023-07-05T16:47:45","slug":"carnaval-de-veracruz-rebaso-por-mucho-las-expectativas-alcalde-jm-unanue","status":"publish","type":"post","link":"https:\/\/encuentroinformativo.com.mx\/?p=42540","title":{"rendered":"Carnaval de Veracruz rebas\u00f3 por mucho las expectativas: Alcalde JM Un\u00e1nue"},"content":{"rendered":"\n<p><strong>*<em>La fiesta carnestolenda m\u00e1s importante del estado dej\u00f3 buenos dividendos para Boca del R\u00edo<\/em>.<\/strong><\/p>\n\n\n\n<p>Boca del R\u00edo, Ver.- El Carnaval de Veracruz 2023 result\u00f3 el mejor en mucho tiempo, con una excelente organizaci\u00f3n, destac\u00f3 el Alcalde de Boca del R\u00edo, Juan Manuel Un\u00e1nue Abascal.<\/p>\n\n\n\n<p>Gracias a la buena coordinaci\u00f3n con el Gobierno Municipal de Veracruz y el Comit\u00e9 de Carnaval, adem\u00e1s de reconocer el liderazgo de la Alcaldesa Patricia Lobeira de Yunes; el Ayuntamiento de Boca del R\u00edo dio su respaldo a la organizaci\u00f3n de la fiesta m\u00e1s grande e importante del estado.<\/p>\n\n\n\n<p>\u201cReconozco a la Alcaldesa de Veracruz por la excelente organizaci\u00f3n del Carnaval de Veracruz, nosotros siempre dispuestos a colaborar y coordinarnos con el desarrollo de esta gran fiesta con nuestro vecino gobierno municipal, muy contentos por que tuvimos una ciudad con mucho movimiento\u201d, coment\u00f3 el ejecutivo boque\u00f1o.<\/p>\n\n\n\n<p>Exalt\u00f3 que previo, durante y al finalizar la fiesta carnestolenda, se organiz\u00f3 un grupo de trabajo profesional para preservar la seguridad de los asistentes, resultando todo un \u00e9xito los desfiles y conciertos masivos que disfrutaron miles de visitantes locales, nacionales e internacionales que llegaron a la conurbaci\u00f3n del 29 de junio al 5 de julio.<\/p>\n\n\n\n<p><em>OCUPACI\u00d3N HOTELERA Y DERRAMA ECON\u00d3MICA<\/em><\/p>\n\n\n\n<p>Por otra parte, Un\u00e1nue Abascal reconoci\u00f3 que la ciudad de Boca del R\u00edo obtuvo diversos beneficios gracias al Carnaval de Veracruz, como por ejemplo, una ocupaci\u00f3n hotelera mayor al 90%.<\/p>\n\n\n\n<p>Asimismo y gracias a la gran movilidad que registr\u00f3 el municipio, se espera una derrama econ\u00f3mica superior a los 400 millones de pesos, pues la zona conurbada registr\u00f3 plazas comerciales, restaurantes y diversos lugares recreativos llenos, de acuerdo a lo reportado por los diferentes prestadores de servicios.<\/p>\n\n\n\n<p>Finalmente, el Alcalde de Boca del R\u00edo, Juan Manuel Un\u00e1nue Abascal, agradeci\u00f3 la preferencia de todos los visitantes durante los d\u00edas de Carnaval, gozando de una ciudad limpia, segura y ordenada, lista para recibirlos en las fiestas de Santa Ana que se llevar\u00e1n a cabo en la \u00faltima semana de julio.<\/p>\n","protected":false},"excerpt":{"rendered":"<p>*La fiesta carnestolenda m\u00e1s importante del estado dej\u00f3 buenos dividendos para Boca del R\u00edo. Boca del R\u00edo, Ver.- El Carnaval de Veracruz 2023 result\u00f3 el mejor en mucho tiempo, con una excelente organizaci\u00f3n, destac\u00f3 el Alcalde de Boca del R\u00edo, Juan Manuel Un\u00e1nue Abascal. Gracias a la buena coordinaci\u00f3n con el Gobierno Municipal de Veracruz [&hellip;]<\/p>\n","protected":false},"author":2476,"featured_media":42541,"comment_status":"open","ping_status":"open","sticky":false,"template":"","format":"standard","meta":{"_jetpack_memberships_contains_paid_content":false,"footnotes":""},"categories":[2],"tags":[],"class_list":["post-42540","post","type-post","status-publish","format-standard","has-post-thumbnail","hentry","category-estado"],"jetpack_featured_media_url":"https:\/\/encuentroinformativo.com.mx\/wp-content\/uploads\/2023\/07\/IMG-20230705-WA00122.jpg","jetpack_sharing_enabled":true,"jetpack_likes_enabled":true,"amp_enabled":true,"_links":{"self":[{"href":"https:\/\/encuentroinformativo.com.mx\/index.php?rest_route=\/wp\/v2\/posts\/42540","targetHints":{"allow":["GET"]}}],"collection":[{"href":"https:\/\/encuentroinformativo.com.mx\/index.php?rest_route=\/wp\/v2\/posts"}],"about":[{"href":"https:\/\/encuentroinformativo.com.mx\/index.php?rest_route=\/wp\/v2\/types\/post"}],"author":[{"embeddable":true,"href":"https:\/\/encuentroinformativo.com.mx\/index.php?rest_route=\/wp\/v2\/users\/2476"}],"replies":[{"embeddable":true,"href":"https:\/\/encuentroinformativo.com.mx\/index.php?rest_route=%2Fwp%2Fv2%2Fcomments&post=42540"}],"version-history":[{"count":1,"href":"https:\/\/encuentroinformativo.com.mx\/index.php?rest_route=\/wp\/v2\/posts\/42540\/revisions"}],"predecessor-version":[{"id":42542,"href":"https:\/\/encuentroinformativo.com.mx\/index.php?rest_route=\/wp\/v2\/posts\/42540\/revisions\/42542"}],"wp:featuredmedia":[{"embeddable":true,"href":"https:\/\/encuentroinformativo.com.mx\/index.php?rest_route=\/wp\/v2\/media\/42541"}],"wp:attachment":[{"href":"https:\/\/encuentroinformativo.com.mx\/index.php?rest_route=%2Fwp%2Fv2%2Fmedia&parent=42540"}],"wp:term":[{"taxonomy":"category","embeddable":true,"href":"https:\/\/encuentroinformativo.com.mx\/index.php?rest_route=%2Fwp%2Fv2%2Fcategories&post=42540"},{"taxonomy":"post_tag","embeddable":true,"href":"https:\/\/encuentroinformativo.com.mx\/index.php?rest_route=%2Fwp%2Fv2%2Ftags&post=42540"}],"curies":[{"name":"wp","href":"https:\/\/api.w.org\/{rel}","templated":true}]}}