{"id":42550,"date":"2023-07-05T12:10:28","date_gmt":"2023-07-05T18:10:28","guid":{"rendered":"https:\/\/encuentroinformativo.com.mx\/?p=42550"},"modified":"2023-07-05T12:10:59","modified_gmt":"2023-07-05T18:10:59","slug":"joven-xiqueno-debuta-en-primera-division-de-futbol","status":"publish","type":"post","link":"https:\/\/encuentroinformativo.com.mx\/?p=42550","title":{"rendered":"Joven xique\u00f1o debuta en Primera Divisi\u00f3n de F\u00fatbol"},"content":{"rendered":"\n<p><strong>Juan Arcos <\/strong><\/p>\n\n\n\n<p>Xalapa, Ver.- El xique\u00f1o Sait Tlaxcalteco G\u00e1lvez debut\u00f3 a sus 20 a\u00f1os en la Primera Divisi\u00f3n del F\u00fatbol Mexicano, vistiendo la playera del Toluca FC (Club F\u00fatbol).<\/p>\n\n\n\n<p>El joven deportista naci\u00f3 el 8 de enero de 2003. Es originario del municipio de Xico, ubicado en la regi\u00f3n capital del estado de Veracruz.<\/p>\n\n\n\n<p>A sus 12 a\u00f1os ya mostraba habilidades en este deporte. Fue becado e inici\u00f3 su entrenamiento en \u201cAkademia Proyecci\u00f3n de Talentos de Sinergia Deportiva Navarro\u201d en el Pueblo M\u00e1gico de Coatepec.<\/p>\n\n\n\n<p>Durante dos a\u00f1os, desarroll\u00f3 sus talentos y se prepar\u00f3 para ser un jugador profesional de f\u00fatbol, mismo que hab\u00eda sido su sue\u00f1o desde muy peque\u00f1o.<\/p>\n\n\n\n<p>Su entrenador fue el chileno Carlos Eduardo Hoffmann, quien trabaja en la captaci\u00f3n, formaci\u00f3n y proyecci\u00f3n de talentos, bajo una metodolog\u00eda de entrenamiento certificada.<\/p>\n\n\n\n<p>El director deportivo Marlon Peruzzi Navarro logr\u00f3 importantes alianzas con clubes de la LigaMx, enviando a varios chicos a las fuerzas b\u00e1sicas, haciendo historia en Coatepec; sin embargo, nunca antes se hab\u00eda logrado este tipo de proyecci\u00f3n con el talento local.<\/p>\n\n\n\n<p>Durante este proceso, tambi\u00e9n se trajeron visorias gratuitas a la zona cafetalera, en beneficio del talento veracruzano de manera gratuita, para vincularse con el Club Am\u00e9rica, Chivas, Atlas y Atlante, por mencionar algunos.<\/p>\n\n\n\n<p>A los 14 a\u00f1os, Sait Tlaxcalteco G\u00e1lvez fue seleccionado para estar en las fuerzas b\u00e1sicas del Atlas FC, pero por sus estudios acad\u00e9micos no pudo presentarse. Tuvo que concluir su ciclo escolar y, unos meses despu\u00e9s, en agosto, acudi\u00f3 a Guadalajara para iniciar otra etapa en Chivas.<\/p>\n\n\n\n<p>Despu\u00e9s de un tiempo, decidi\u00f3 probarse en otros clubes, como Tigres, pero al final su destino era estar en el Toluca FC, donde fue campe\u00f3n con los Diablitos de la Sub 20.<\/p>\n\n\n\n<p>El pasado domingo 2 de julio debut\u00f3 en Primera Divisi\u00f3n, con el n\u00famero 208, en la Jornada 1 del Torneo Apertura 2023. Finalmente sali\u00f3 a la cancha del Estadio Nemesio Diez y jug\u00f3 durante 16 minutos.<\/p>\n","protected":false},"excerpt":{"rendered":"<p>Juan Arcos Xalapa, Ver.- El xique\u00f1o Sait Tlaxcalteco G\u00e1lvez debut\u00f3 a sus 20 a\u00f1os en la Primera Divisi\u00f3n del F\u00fatbol Mexicano, vistiendo la playera del Toluca FC (Club F\u00fatbol). El joven deportista naci\u00f3 el 8 de enero de 2003. Es originario del municipio de Xico, ubicado en la regi\u00f3n capital del estado de Veracruz. A [&hellip;]<\/p>\n","protected":false},"author":2476,"featured_media":42551,"comment_status":"open","ping_status":"open","sticky":false,"template":"","format":"standard","meta":{"_jetpack_memberships_contains_paid_content":false,"footnotes":""},"categories":[12],"tags":[],"class_list":["post-42550","post","type-post","status-publish","format-standard","has-post-thumbnail","hentry","category-nacional"],"jetpack_featured_media_url":"https:\/\/encuentroinformativo.com.mx\/wp-content\/uploads\/2023\/07\/83de2f19-5524-401c-94b9-baf7be8507422.jpg","jetpack_sharing_enabled":true,"jetpack_likes_enabled":true,"amp_enabled":true,"_links":{"self":[{"href":"https:\/\/encuentroinformativo.com.mx\/index.php?rest_route=\/wp\/v2\/posts\/42550","targetHints":{"allow":["GET"]}}],"collection":[{"href":"https:\/\/encuentroinformativo.com.mx\/index.php?rest_route=\/wp\/v2\/posts"}],"about":[{"href":"https:\/\/encuentroinformativo.com.mx\/index.php?rest_route=\/wp\/v2\/types\/post"}],"author":[{"embeddable":true,"href":"https:\/\/encuentroinformativo.com.mx\/index.php?rest_route=\/wp\/v2\/users\/2476"}],"replies":[{"embeddable":true,"href":"https:\/\/encuentroinformativo.com.mx\/index.php?rest_route=%2Fwp%2Fv2%2Fcomments&post=42550"}],"version-history":[{"count":1,"href":"https:\/\/encuentroinformativo.com.mx\/index.php?rest_route=\/wp\/v2\/posts\/42550\/revisions"}],"predecessor-version":[{"id":42552,"href":"https:\/\/encuentroinformativo.com.mx\/index.php?rest_route=\/wp\/v2\/posts\/42550\/revisions\/42552"}],"wp:featuredmedia":[{"embeddable":true,"href":"https:\/\/encuentroinformativo.com.mx\/index.php?rest_route=\/wp\/v2\/media\/42551"}],"wp:attachment":[{"href":"https:\/\/encuentroinformativo.com.mx\/index.php?rest_route=%2Fwp%2Fv2%2Fmedia&parent=42550"}],"wp:term":[{"taxonomy":"category","embeddable":true,"href":"https:\/\/encuentroinformativo.com.mx\/index.php?rest_route=%2Fwp%2Fv2%2Fcategories&post=42550"},{"taxonomy":"post_tag","embeddable":true,"href":"https:\/\/encuentroinformativo.com.mx\/index.php?rest_route=%2Fwp%2Fv2%2Ftags&post=42550"}],"curies":[{"name":"wp","href":"https:\/\/api.w.org\/{rel}","templated":true}]}}