{"id":42553,"date":"2023-07-05T13:06:31","date_gmt":"2023-07-05T19:06:31","guid":{"rendered":"https:\/\/encuentroinformativo.com.mx\/?p=42553"},"modified":"2023-07-05T13:06:34","modified_gmt":"2023-07-05T19:06:34","slug":"promocion-anticipada-mejoraria-numeros-de-carnaval-de-veracruz-cometur","status":"publish","type":"post","link":"https:\/\/encuentroinformativo.com.mx\/?p=42553","title":{"rendered":"Promoci\u00f3n anticipada mejorar\u00eda n\u00fameros de Carnaval de Veracruz: COMETUR"},"content":{"rendered":"\n<p><strong>Alejandro \u00c1vila<\/strong><\/p>\n\n\n\n<p>Veracruz, Ver.- El Consejo Metropolitano de Turismo (COMETUR) que preside Sergio Lois Heredia, se\u00f1al\u00f3 que se obtuvo una ocupaci\u00f3n hotelera superior al 80 por ciento durante la semana de Carnaval de Veracruz.<\/p>\n\n\n\n<p>Si bien diversas personas se\u00f1alaron en redes sociales que los desfiles de Carnaval se ve\u00edan gradas no tan llenas, los conciertos masivos estuvieron abarrotados, y este podr\u00eda ser el motivo de que los hoteles tuvieran buena afluencia se\u00f1al\u00f3 al empresario.<\/p>\n\n\n\n<p>En ese sentido, Sergio Lois dijo que, tanto el Comit\u00e9 de Carnaval, como las \u00e1reas correspondientes del Ayuntamiento de Veracruz, deber\u00e1n hacer la numeralia de los visitantes, cu\u00e1ntas personas acudieron, de qu\u00e9 estados o municipios, y los motivos del por qu\u00e9 en los desfiles hubo baja afluencia.<\/p>\n\n\n\n<p>&#8220;Yo creo que en t\u00e9rminos de ocupaci\u00f3n hotelera el fin de semana se mostr\u00f3 con unos n\u00fameros naturales de Carnaval, a final de cuentas creo que es as\u00ed. Hay quienes est\u00e1n a favor de que el pr\u00f3ximo a\u00f1o sea en febrero nuevamente, hay quienes no, tambi\u00e9n est\u00e1n pugnando porque sea nuevamente en estas fechas. Las dos fechas son fines de semana de temporada baja, eso es una realidad, creo que habr\u00e1 que analizar pros y contras de ambas fechas. En febrero al menos, siempre un desfile se cancelada por nortes, ahora pues no se cancelan por nortes, el tema es que ya los desfiles de mediod\u00eda no se pueden hacer por el calor, para evitar cualquier tragedia. Como lo comento, creo que todo tiene pros y contras, al final lo que se debe de analizar son los n\u00fameros, creo que los n\u00fameros de este Carnaval en cuanto a ocupaci\u00f3n por lo que no reporta la Asociaci\u00f3n de Hoteles, no son n\u00fameros desfavorables comparados con a\u00f1os pasados&#8221;, subray\u00f3.<\/p>\n\n\n\n<p>El empresario hotelero dijo que incluso se podr\u00eda mencionar que hubo una mayor ocupaci\u00f3n de habitaciones en comparaci\u00f3n con el 2022; y resalt\u00f3 que para el 2024, el a\u00f1o del Centenario del Carnaval, la promoci\u00f3n anticipada de la fiesta ser\u00e1 muy importante para mejorar los n\u00fameros de esta edici\u00f3n.<\/p>\n","protected":false},"excerpt":{"rendered":"<p>Alejandro \u00c1vila Veracruz, Ver.- El Consejo Metropolitano de Turismo (COMETUR) que preside Sergio Lois Heredia, se\u00f1al\u00f3 que se obtuvo una ocupaci\u00f3n hotelera superior al 80 por ciento durante la semana de Carnaval de Veracruz. Si bien diversas personas se\u00f1alaron en redes sociales que los desfiles de Carnaval se ve\u00edan gradas no tan llenas, los conciertos [&hellip;]<\/p>\n","protected":false},"author":2476,"featured_media":42554,"comment_status":"open","ping_status":"open","sticky":false,"template":"","format":"standard","meta":{"_jetpack_memberships_contains_paid_content":false,"footnotes":""},"categories":[2],"tags":[],"class_list":["post-42553","post","type-post","status-publish","format-standard","has-post-thumbnail","hentry","category-estado"],"jetpack_featured_media_url":"https:\/\/encuentroinformativo.com.mx\/wp-content\/uploads\/2023\/07\/IMG-20230705-WA00152.jpg","jetpack_sharing_enabled":true,"jetpack_likes_enabled":true,"amp_enabled":true,"_links":{"self":[{"href":"https:\/\/encuentroinformativo.com.mx\/index.php?rest_route=\/wp\/v2\/posts\/42553","targetHints":{"allow":["GET"]}}],"collection":[{"href":"https:\/\/encuentroinformativo.com.mx\/index.php?rest_route=\/wp\/v2\/posts"}],"about":[{"href":"https:\/\/encuentroinformativo.com.mx\/index.php?rest_route=\/wp\/v2\/types\/post"}],"author":[{"embeddable":true,"href":"https:\/\/encuentroinformativo.com.mx\/index.php?rest_route=\/wp\/v2\/users\/2476"}],"replies":[{"embeddable":true,"href":"https:\/\/encuentroinformativo.com.mx\/index.php?rest_route=%2Fwp%2Fv2%2Fcomments&post=42553"}],"version-history":[{"count":1,"href":"https:\/\/encuentroinformativo.com.mx\/index.php?rest_route=\/wp\/v2\/posts\/42553\/revisions"}],"predecessor-version":[{"id":42555,"href":"https:\/\/encuentroinformativo.com.mx\/index.php?rest_route=\/wp\/v2\/posts\/42553\/revisions\/42555"}],"wp:featuredmedia":[{"embeddable":true,"href":"https:\/\/encuentroinformativo.com.mx\/index.php?rest_route=\/wp\/v2\/media\/42554"}],"wp:attachment":[{"href":"https:\/\/encuentroinformativo.com.mx\/index.php?rest_route=%2Fwp%2Fv2%2Fmedia&parent=42553"}],"wp:term":[{"taxonomy":"category","embeddable":true,"href":"https:\/\/encuentroinformativo.com.mx\/index.php?rest_route=%2Fwp%2Fv2%2Fcategories&post=42553"},{"taxonomy":"post_tag","embeddable":true,"href":"https:\/\/encuentroinformativo.com.mx\/index.php?rest_route=%2Fwp%2Fv2%2Ftags&post=42553"}],"curies":[{"name":"wp","href":"https:\/\/api.w.org\/{rel}","templated":true}]}}