{"id":42559,"date":"2023-07-05T23:41:32","date_gmt":"2023-07-06T05:41:32","guid":{"rendered":"https:\/\/encuentroinformativo.com.mx\/?p=42559"},"modified":"2023-07-05T23:41:36","modified_gmt":"2023-07-06T05:41:36","slug":"inspeccionan-alcalde-jm-unanue-y-autoridades-federales-zona-que-requiere-rehabilitacion-en-el-bulevar-manuel-avila-camacho","status":"publish","type":"post","link":"https:\/\/encuentroinformativo.com.mx\/?p=42559","title":{"rendered":"Inspeccionan Alcalde JM Un\u00e1nue y autoridades federales zona que requiere rehabilitaci\u00f3n en el bulevar Manuel \u00c1vila Camacho"},"content":{"rendered":"\n<p><strong>*<em>Junto con personal de la Direcci\u00f3n General de Puertos llev\u00f3 a cabo una visita t\u00e9cnica al bulevar con la finalidad de que se d\u00e9 soluci\u00f3n a los puntos que requieren rehabilitaci\u00f3n<\/em>.<\/strong><\/p>\n\n\n\n<p>Boca del R\u00edo, Ver.- El alcalde de Boca del R\u00edo, Juan Manuel Un\u00e1nue Abascal, junto con personal de la Direcci\u00f3n General de Puertos, llevaron a cabo una visita t\u00e9cnica al bulevar Manuel \u00c1vila Camacho con la finalidad de inspeccionar los puntos que requieren rehabilitaci\u00f3n.<\/p>\n\n\n\n<p>Y es que desde el a\u00f1o 2022 se han presentado hundimientos en el \u00e1rea peatonal de dicho bulevar en el tramo que comprende entre la Calle 11 y la Avenida Jes\u00fas Reyes Heroles, y que por tratarse de una zona federal mar\u00edtimo terrestre, es urgente la atenci\u00f3n del Gobierno Federal para remediar las escolleras de esta zona.<\/p>\n\n\n\n<p>\u201cAgradezco a la Secretar\u00eda de Marina su total disposici\u00f3n para atenderlo, estoy seguro de que habr\u00e1 excelentes resultados para garantizar la seguridad de los miles de conductores y peatones que a diario transitan por esta importante v\u00eda de Boca del R\u00edo\u201d, expres\u00f3 Un\u00e1nue Abascal.<\/p>\n\n\n\n<p>Por ello y de manera oficial, se realiz\u00f3 la solicitud a la Presidencia de la Rep\u00fablica para que de manera urgente valorara la zona y se asignaran los recursos necesarios para dar mantenimiento a las escolleras que sirven de protecci\u00f3n a la franja urbana y que en los \u00faltimos a\u00f1os ha sufrido una degradaci\u00f3n considerable.<\/p>\n\n\n\n<p>Asimismo, el Alcalde Juan Manuel Un\u00e1nue Abascal, hizo hincapi\u00e9 en que este bulevar es la zona tur\u00edstica con mayor afluencia de veh\u00edculos y transe\u00fantes de la ciudad boque\u00f1a, que adem\u00e1s es donde se encuentra asentada gran parte de la infraestructura hotelera y gastron\u00f3mica de la ciudad.<\/p>\n\n\n\n<p>Por \u00faltimo, agreg\u00f3 que el Ayuntamiento de Boca del R\u00edo ha realizado trabajos para rehabilitar de manera integral la zona, pero que es urgente remediar la problem\u00e1tica y as\u00ed evitar cualquier contingencia mayor.<\/p>\n","protected":false},"excerpt":{"rendered":"<p>*Junto con personal de la Direcci\u00f3n General de Puertos llev\u00f3 a cabo una visita t\u00e9cnica al bulevar con la finalidad de que se d\u00e9 soluci\u00f3n a los puntos que requieren rehabilitaci\u00f3n. Boca del R\u00edo, Ver.- El alcalde de Boca del R\u00edo, Juan Manuel Un\u00e1nue Abascal, junto con personal de la Direcci\u00f3n General de Puertos, llevaron [&hellip;]<\/p>\n","protected":false},"author":2476,"featured_media":42560,"comment_status":"open","ping_status":"open","sticky":false,"template":"","format":"standard","meta":{"_jetpack_memberships_contains_paid_content":false,"footnotes":""},"categories":[2],"tags":[],"class_list":["post-42559","post","type-post","status-publish","format-standard","has-post-thumbnail","hentry","category-estado"],"jetpack_featured_media_url":"https:\/\/encuentroinformativo.com.mx\/wp-content\/uploads\/2023\/07\/IMG-20230705-WA0084.jpg","jetpack_sharing_enabled":true,"jetpack_likes_enabled":true,"amp_enabled":true,"_links":{"self":[{"href":"https:\/\/encuentroinformativo.com.mx\/index.php?rest_route=\/wp\/v2\/posts\/42559","targetHints":{"allow":["GET"]}}],"collection":[{"href":"https:\/\/encuentroinformativo.com.mx\/index.php?rest_route=\/wp\/v2\/posts"}],"about":[{"href":"https:\/\/encuentroinformativo.com.mx\/index.php?rest_route=\/wp\/v2\/types\/post"}],"author":[{"embeddable":true,"href":"https:\/\/encuentroinformativo.com.mx\/index.php?rest_route=\/wp\/v2\/users\/2476"}],"replies":[{"embeddable":true,"href":"https:\/\/encuentroinformativo.com.mx\/index.php?rest_route=%2Fwp%2Fv2%2Fcomments&post=42559"}],"version-history":[{"count":1,"href":"https:\/\/encuentroinformativo.com.mx\/index.php?rest_route=\/wp\/v2\/posts\/42559\/revisions"}],"predecessor-version":[{"id":42561,"href":"https:\/\/encuentroinformativo.com.mx\/index.php?rest_route=\/wp\/v2\/posts\/42559\/revisions\/42561"}],"wp:featuredmedia":[{"embeddable":true,"href":"https:\/\/encuentroinformativo.com.mx\/index.php?rest_route=\/wp\/v2\/media\/42560"}],"wp:attachment":[{"href":"https:\/\/encuentroinformativo.com.mx\/index.php?rest_route=%2Fwp%2Fv2%2Fmedia&parent=42559"}],"wp:term":[{"taxonomy":"category","embeddable":true,"href":"https:\/\/encuentroinformativo.com.mx\/index.php?rest_route=%2Fwp%2Fv2%2Fcategories&post=42559"},{"taxonomy":"post_tag","embeddable":true,"href":"https:\/\/encuentroinformativo.com.mx\/index.php?rest_route=%2Fwp%2Fv2%2Ftags&post=42559"}],"curies":[{"name":"wp","href":"https:\/\/api.w.org\/{rel}","templated":true}]}}