{"id":42573,"date":"2023-07-06T11:54:03","date_gmt":"2023-07-06T17:54:03","guid":{"rendered":"https:\/\/encuentroinformativo.com.mx\/?p=42573"},"modified":"2023-07-06T11:54:35","modified_gmt":"2023-07-06T17:54:35","slug":"excesiva-la-publicidad-de-precandidatos-senala-coparmex-veracruz","status":"publish","type":"post","link":"https:\/\/encuentroinformativo.com.mx\/?p=42573","title":{"rendered":"Excesiva la publicidad de precandidatos, se\u00f1ala Coparmex Veracruz"},"content":{"rendered":"\n<p><strong>Alejandro \u00c1vila<\/strong><\/p>\n\n\n\n<p>Veracruz, Ver.- La publicidad de precandidatos a la presidencia de la Rep\u00fablica y gubernatura en bardas y espectaculares es excesiva, denunci\u00f3 el presidente de Coparmex Veracruz, Manuel Lia\u00f1o Carrera.<\/p>\n\n\n\n<p>El empresario dijo que la C\u00e1mara que representa es ampliamente pol\u00edtica pero apartidista; sin embargo,\u00a0 exhortaron al Instituto Nacional Electoral (INE) y al Tribunal Electoral, a que revise el alto gasto que se ejecuta en la promoci\u00f3n de imagen de varios actores pol\u00edticos.<\/p>\n\n\n\n<p>&#8220;Nos parece un tema excesivo la cantidad de espectaculares que est\u00e1n circulando y que vemos a lo largo de todo el estado con la promoci\u00f3n de funcionarios p\u00fablicos, con la promoci\u00f3n de precandidatos, lo que nosotros estamos pidiendo es que se respete la ley y que se haga un llamado a que existan condiciones de equidad para la participaci\u00f3n del proceso electoral&#8221;.<\/p>\n\n\n\n<p>&#8220;Hoy estamos en presencia insisto, de funcionarios p\u00fablicos en activo que est\u00e1n promocionando su imagen, su funci\u00f3n, y me parece que ah\u00ed un llamado hacemos nosotros a las instancias electorales, a los partidos pol\u00edticos que les corresponden, para que est\u00e9n atentos y que esto se conduzca por los causes legales. Si el Instituto Electoral y el Tribunal Electoral dice que es legal, que sea legal, vale la pena tomarlo en cuenta esto para aclararlo, regularizarlo y presentarlo de una manera m\u00e1s clara en los siguientes procesos electorales&#8221;, reafirm\u00f3.<\/p>\n\n\n\n<p>Manuel Lia\u00f1o dijo que es desde Coparmex Veracruz no proyectar\u00e1n a ning\u00fan candidato o partido pol\u00edtico en espec\u00edfico; sin embargo, s\u00ed incentivar\u00e1n a que la ciudadan\u00eda participe en el pr\u00f3ximo proceso electoral.<\/p>\n\n\n\n<p>&#8220;De parte de Coparmex no habr\u00e1, me anticipo, un posicionamiento por alg\u00fan candidato en lo particular, celebramos que hay algunos partidos pol\u00edticos que est\u00e9n abri\u00e9ndose a la sociedad, nos parece que es un buen ejercicio que a\u00fan es insuficiente, pero creo que estamos, en ese sentido, por el camino correcto&#8221;, finaliz\u00f3.<\/p>\n","protected":false},"excerpt":{"rendered":"<p>Alejandro \u00c1vila Veracruz, Ver.- La publicidad de precandidatos a la presidencia de la Rep\u00fablica y gubernatura en bardas y espectaculares es excesiva, denunci\u00f3 el presidente de Coparmex Veracruz, Manuel Lia\u00f1o Carrera. El empresario dijo que la C\u00e1mara que representa es ampliamente pol\u00edtica pero apartidista; sin embargo,\u00a0 exhortaron al Instituto Nacional Electoral (INE) y al Tribunal [&hellip;]<\/p>\n","protected":false},"author":2476,"featured_media":42574,"comment_status":"open","ping_status":"open","sticky":false,"template":"","format":"standard","meta":{"_jetpack_memberships_contains_paid_content":false,"footnotes":""},"categories":[2],"tags":[],"class_list":["post-42573","post","type-post","status-publish","format-standard","has-post-thumbnail","hentry","category-estado"],"jetpack_featured_media_url":"https:\/\/encuentroinformativo.com.mx\/wp-content\/uploads\/2023\/07\/IMG-20230706-WA00112.jpg","jetpack_sharing_enabled":true,"jetpack_likes_enabled":true,"amp_enabled":true,"_links":{"self":[{"href":"https:\/\/encuentroinformativo.com.mx\/index.php?rest_route=\/wp\/v2\/posts\/42573","targetHints":{"allow":["GET"]}}],"collection":[{"href":"https:\/\/encuentroinformativo.com.mx\/index.php?rest_route=\/wp\/v2\/posts"}],"about":[{"href":"https:\/\/encuentroinformativo.com.mx\/index.php?rest_route=\/wp\/v2\/types\/post"}],"author":[{"embeddable":true,"href":"https:\/\/encuentroinformativo.com.mx\/index.php?rest_route=\/wp\/v2\/users\/2476"}],"replies":[{"embeddable":true,"href":"https:\/\/encuentroinformativo.com.mx\/index.php?rest_route=%2Fwp%2Fv2%2Fcomments&post=42573"}],"version-history":[{"count":1,"href":"https:\/\/encuentroinformativo.com.mx\/index.php?rest_route=\/wp\/v2\/posts\/42573\/revisions"}],"predecessor-version":[{"id":42575,"href":"https:\/\/encuentroinformativo.com.mx\/index.php?rest_route=\/wp\/v2\/posts\/42573\/revisions\/42575"}],"wp:featuredmedia":[{"embeddable":true,"href":"https:\/\/encuentroinformativo.com.mx\/index.php?rest_route=\/wp\/v2\/media\/42574"}],"wp:attachment":[{"href":"https:\/\/encuentroinformativo.com.mx\/index.php?rest_route=%2Fwp%2Fv2%2Fmedia&parent=42573"}],"wp:term":[{"taxonomy":"category","embeddable":true,"href":"https:\/\/encuentroinformativo.com.mx\/index.php?rest_route=%2Fwp%2Fv2%2Fcategories&post=42573"},{"taxonomy":"post_tag","embeddable":true,"href":"https:\/\/encuentroinformativo.com.mx\/index.php?rest_route=%2Fwp%2Fv2%2Ftags&post=42573"}],"curies":[{"name":"wp","href":"https:\/\/api.w.org\/{rel}","templated":true}]}}