{"id":42576,"date":"2023-07-06T12:58:22","date_gmt":"2023-07-06T18:58:22","guid":{"rendered":"https:\/\/encuentroinformativo.com.mx\/?p=42576"},"modified":"2023-07-06T12:58:26","modified_gmt":"2023-07-06T18:58:26","slug":"cancelan-instalacion-de-centro-de-transferencia-en-amatlan-celebran-pobladores","status":"publish","type":"post","link":"https:\/\/encuentroinformativo.com.mx\/?p=42576","title":{"rendered":"Cancelan instalaci\u00f3n de centro de transferencia en Amatl\u00e1n, celebran pobladores"},"content":{"rendered":"\n<p><strong>Juan Arcos <\/strong><\/p>\n\n\n\n<p>Xalapa,Ver.- La agrupaci\u00f3n Amatl\u00e1n Unido contra el Basurero dio a conocer que fue cancelado el proyecto para la instalaci\u00f3n de un centro de transferencia de residuos s\u00f3lidos urbanos cerca de su municipio.<\/p>\n\n\n\n<p>Despu\u00e9s de una fuerte lucha ambiental por parte de los pobladores y asociaciones civiles, la Secretar\u00eda de Medio Ambiente (Sedema), a trav\u00e9s de la directora de Control de la Contaminaci\u00f3n y Evaluaci\u00f3n Ambiental, Adriana Reyes Toledo, les notific\u00f3 que fue evaluada la manifestaci\u00f3n de impacto ambiental.<\/p>\n\n\n\n<p>La dependencia estatal, a cargo de Juan Carlos Contreras Bautista, emiti\u00f3 un resolutivo el pasado 9 de junio como \u201cTr\u00e1mite Abandonado y Concluido\u201d, por lo que el proyecto no se llevar\u00eda a cabo.<\/p>\n\n\n\n<p>Esto lo confirm\u00f3 el integrante de La Asamblea Veracruzana de Iniciativas y Defensa Ambiental (Lavida), Emilio Rodr\u00edguez Almaz\u00e1n, quien adem\u00e1s celebr\u00f3 que la evaluaci\u00f3n de impacto ambiental sea improcedente.<\/p>\n\n\n\n<p>\u201cNo hay hasta el momento ning\u00fan proyecto que est\u00e9 en dicho procedimiento, con lo cual queda sentenciada la victoria del pueblo de Amatl\u00e1n, que ha emprendido una lucha contra el basurero\u201d.<\/p>\n\n\n\n<p>La instalaci\u00f3n del \u201cbasurero\u201d se hab\u00eda proyectado en un predio de la colonia San Miguelito, a 111 metros de la colonia San Francisco y a 276 metros del Colegio de Bachilleres del Estado de Veracruz (Cobaev) n\u00famero 47, en el municipio de C\u00f3rdoba, ubicado en la zona centro de Veracruz.<\/p>\n\n\n\n<p>El ambientalista reconoci\u00f3 a las mujeres que encabezaron los esfuerzos y la lucha social contra la instalaci\u00f3n del centro de transferencia de residuos s\u00f3lidos urbanos cerca de Amatl\u00e1n.<\/p>\n\n\n\n<p>Cabe recordar que casi 30 organizaciones ambientalistas, y hasta el Pastoral Social de la Di\u00f3cesis de C\u00f3rdoba hab\u00edan exigido que cesara la represi\u00f3n contra los pobladores que se oponen a la instalaci\u00f3n del \u201cbasurero\u201d en la regi\u00f3n de C\u00f3rdoba y Amatl\u00e1n de los Reyes.<\/p>\n\n\n\n<p>El ayuntamiento de Amatl\u00e1n hab\u00eda procedido legalmente contra los habitantes que se manifestaron desde el pasado 17 de abril, cuando detectaron la presencia de la maquinaria y, el 25 del mismo mes, tomaron el Palacio Municipal.<\/p>\n\n\n\n<p>Sin embargo, reci\u00e9n se inform\u00f3 que la lucha ambientalista contribuy\u00f3 a la cancelaci\u00f3n del proyecto, mismo que ocasionar\u00eda contaminaci\u00f3n cerca de escuelas y zonas urbanas.<\/p>\n","protected":false},"excerpt":{"rendered":"<p>Juan Arcos Xalapa,Ver.- La agrupaci\u00f3n Amatl\u00e1n Unido contra el Basurero dio a conocer que fue cancelado el proyecto para la instalaci\u00f3n de un centro de transferencia de residuos s\u00f3lidos urbanos cerca de su municipio. Despu\u00e9s de una fuerte lucha ambiental por parte de los pobladores y asociaciones civiles, la Secretar\u00eda de Medio Ambiente (Sedema), a [&hellip;]<\/p>\n","protected":false},"author":2476,"featured_media":42577,"comment_status":"open","ping_status":"open","sticky":false,"template":"","format":"standard","meta":{"_jetpack_memberships_contains_paid_content":false,"footnotes":""},"categories":[2],"tags":[],"class_list":["post-42576","post","type-post","status-publish","format-standard","has-post-thumbnail","hentry","category-estado"],"jetpack_featured_media_url":"https:\/\/encuentroinformativo.com.mx\/wp-content\/uploads\/2023\/07\/IMG_7758.jpg","jetpack_sharing_enabled":true,"jetpack_likes_enabled":true,"amp_enabled":true,"_links":{"self":[{"href":"https:\/\/encuentroinformativo.com.mx\/index.php?rest_route=\/wp\/v2\/posts\/42576","targetHints":{"allow":["GET"]}}],"collection":[{"href":"https:\/\/encuentroinformativo.com.mx\/index.php?rest_route=\/wp\/v2\/posts"}],"about":[{"href":"https:\/\/encuentroinformativo.com.mx\/index.php?rest_route=\/wp\/v2\/types\/post"}],"author":[{"embeddable":true,"href":"https:\/\/encuentroinformativo.com.mx\/index.php?rest_route=\/wp\/v2\/users\/2476"}],"replies":[{"embeddable":true,"href":"https:\/\/encuentroinformativo.com.mx\/index.php?rest_route=%2Fwp%2Fv2%2Fcomments&post=42576"}],"version-history":[{"count":1,"href":"https:\/\/encuentroinformativo.com.mx\/index.php?rest_route=\/wp\/v2\/posts\/42576\/revisions"}],"predecessor-version":[{"id":42578,"href":"https:\/\/encuentroinformativo.com.mx\/index.php?rest_route=\/wp\/v2\/posts\/42576\/revisions\/42578"}],"wp:featuredmedia":[{"embeddable":true,"href":"https:\/\/encuentroinformativo.com.mx\/index.php?rest_route=\/wp\/v2\/media\/42577"}],"wp:attachment":[{"href":"https:\/\/encuentroinformativo.com.mx\/index.php?rest_route=%2Fwp%2Fv2%2Fmedia&parent=42576"}],"wp:term":[{"taxonomy":"category","embeddable":true,"href":"https:\/\/encuentroinformativo.com.mx\/index.php?rest_route=%2Fwp%2Fv2%2Fcategories&post=42576"},{"taxonomy":"post_tag","embeddable":true,"href":"https:\/\/encuentroinformativo.com.mx\/index.php?rest_route=%2Fwp%2Fv2%2Ftags&post=42576"}],"curies":[{"name":"wp","href":"https:\/\/api.w.org\/{rel}","templated":true}]}}