{"id":42582,"date":"2023-07-06T13:10:54","date_gmt":"2023-07-06T19:10:54","guid":{"rendered":"https:\/\/encuentroinformativo.com.mx\/?p=42582"},"modified":"2023-07-06T13:11:00","modified_gmt":"2023-07-06T19:11:00","slug":"en-aeropuerto-de-veracruz-coronan-a-marcelo-ebrard","status":"publish","type":"post","link":"https:\/\/encuentroinformativo.com.mx\/?p=42582","title":{"rendered":"En aeropuerto de Veracruz, coronan a Marcelo Ebrard"},"content":{"rendered":"\n<p><strong>Alejandro \u00c1vila<\/strong><\/p>\n\n\n\n<p>Veracruz, Ver.- En el arribo del ex canciller, Marcelo Ebrard Casoub\u00f3n al aeropuerto de Veracruz la ma\u00f1ana de este jueves, ex Reyes del Carnaval coronaron al precandidato de Morena a la presidencia de la rep\u00fablica.<\/p>\n\n\n\n<p>Al grito de &#8220;Marcelo Presidente&#8221; fue recibido por un centenar de personas que tuvieron que esperar algunas horas debido a que su vuelo se retras\u00f3 4 horas.<\/p>\n\n\n\n<p>En una breve entrevista, Marcelo Ebrard afirm\u00f3 que dentro de su partido \u201chay piso parejo\u201d para todos los aspirantes a candidatos, respecto a la oposici\u00f3n y sus posibles candidatos se\u00f1al\u00f3 que representan al \u201cpasado\u201d del pa\u00eds, pues ya qued\u00f3 claro que sus gobiernos fueron un fracaso.&nbsp;<\/p>\n\n\n\n<p>\u201cYo creo que vamos bien, esta interesante, me habr\u00eda gustado un debate, hace falta, pero ah\u00ed vamos, y respecto a como se esta organizando el bando contrario, est\u00e1n destinados al fracaso, representan al pasado, me acuerdo que a Santiago lo derrotamos Andr\u00e9s Manuel y yo en la Ciudad de M\u00e9xico en el 2000, entonces lo volver\u00edamos a derrotar, en el caso de Xochitl pues representan al pasado del pa\u00eds, algo que fracas\u00f3, gobernaron muchos a\u00f1os, entonces los vamos a arrollar, as\u00ed es como yo lo veo&#8221;, sentenci\u00f3.<\/p>\n\n\n\n<p>El primer evento de Marcelo Ebrard en Veracruz ser\u00e1 en la ciudad de C\u00f3rdoba, d\u00f3nde presidir\u00e1 el Foro &#8220;Mi Seguridad es Primero&#8221;, en la casa del Campesino La Luz Francisco I. Madero.<\/p>\n\n\n\n<p>Por la tarde, regresar\u00e1 al puerto de Veracruz para reunirse con simpatizantes en el Club de Leones, que se ubica en la calzada Sim\u00f3n Bol\u00edvar de la colonia Zaragoza, donde impartir\u00e1 una conferencia llamada &#8220;Salud del Cuidador&#8221;, a las 5:00 de la tarde.<\/p>\n\n\n\n<figure class=\"wp-block-image size-large\"><img loading=\"lazy\" decoding=\"async\" width=\"1024\" height=\"902\" src=\"https:\/\/encuentroinformativo.com.mx\/wp-content\/uploads\/2023\/07\/IMG-20230706-WA00202-1024x902.jpg\" alt=\"\" class=\"wp-image-42583\" srcset=\"https:\/\/encuentroinformativo.com.mx\/wp-content\/uploads\/2023\/07\/IMG-20230706-WA00202-1024x902.jpg 1024w, https:\/\/encuentroinformativo.com.mx\/wp-content\/uploads\/2023\/07\/IMG-20230706-WA00202-300x264.jpg 300w, https:\/\/encuentroinformativo.com.mx\/wp-content\/uploads\/2023\/07\/IMG-20230706-WA00202-768x676.jpg 768w, https:\/\/encuentroinformativo.com.mx\/wp-content\/uploads\/2023\/07\/IMG-20230706-WA00202.jpg 1200w\" sizes=\"auto, (max-width: 1024px) 100vw, 1024px\" \/><\/figure>\n","protected":false},"excerpt":{"rendered":"<p>Alejandro \u00c1vila Veracruz, Ver.- En el arribo del ex canciller, Marcelo Ebrard Casoub\u00f3n al aeropuerto de Veracruz la ma\u00f1ana de este jueves, ex Reyes del Carnaval coronaron al precandidato de Morena a la presidencia de la rep\u00fablica. Al grito de &#8220;Marcelo Presidente&#8221; fue recibido por un centenar de personas que tuvieron que esperar algunas horas [&hellip;]<\/p>\n","protected":false},"author":2476,"featured_media":42584,"comment_status":"open","ping_status":"open","sticky":false,"template":"","format":"standard","meta":{"_jetpack_memberships_contains_paid_content":false,"footnotes":""},"categories":[2],"tags":[],"class_list":["post-42582","post","type-post","status-publish","format-standard","has-post-thumbnail","hentry","category-estado"],"jetpack_featured_media_url":"https:\/\/encuentroinformativo.com.mx\/wp-content\/uploads\/2023\/07\/IMG-20230706-WA00192.jpg","jetpack_sharing_enabled":true,"jetpack_likes_enabled":true,"amp_enabled":true,"_links":{"self":[{"href":"https:\/\/encuentroinformativo.com.mx\/index.php?rest_route=\/wp\/v2\/posts\/42582","targetHints":{"allow":["GET"]}}],"collection":[{"href":"https:\/\/encuentroinformativo.com.mx\/index.php?rest_route=\/wp\/v2\/posts"}],"about":[{"href":"https:\/\/encuentroinformativo.com.mx\/index.php?rest_route=\/wp\/v2\/types\/post"}],"author":[{"embeddable":true,"href":"https:\/\/encuentroinformativo.com.mx\/index.php?rest_route=\/wp\/v2\/users\/2476"}],"replies":[{"embeddable":true,"href":"https:\/\/encuentroinformativo.com.mx\/index.php?rest_route=%2Fwp%2Fv2%2Fcomments&post=42582"}],"version-history":[{"count":1,"href":"https:\/\/encuentroinformativo.com.mx\/index.php?rest_route=\/wp\/v2\/posts\/42582\/revisions"}],"predecessor-version":[{"id":42585,"href":"https:\/\/encuentroinformativo.com.mx\/index.php?rest_route=\/wp\/v2\/posts\/42582\/revisions\/42585"}],"wp:featuredmedia":[{"embeddable":true,"href":"https:\/\/encuentroinformativo.com.mx\/index.php?rest_route=\/wp\/v2\/media\/42584"}],"wp:attachment":[{"href":"https:\/\/encuentroinformativo.com.mx\/index.php?rest_route=%2Fwp%2Fv2%2Fmedia&parent=42582"}],"wp:term":[{"taxonomy":"category","embeddable":true,"href":"https:\/\/encuentroinformativo.com.mx\/index.php?rest_route=%2Fwp%2Fv2%2Fcategories&post=42582"},{"taxonomy":"post_tag","embeddable":true,"href":"https:\/\/encuentroinformativo.com.mx\/index.php?rest_route=%2Fwp%2Fv2%2Ftags&post=42582"}],"curies":[{"name":"wp","href":"https:\/\/api.w.org\/{rel}","templated":true}]}}