{"id":42586,"date":"2023-07-06T16:29:03","date_gmt":"2023-07-06T22:29:03","guid":{"rendered":"https:\/\/encuentroinformativo.com.mx\/?p=42586"},"modified":"2023-07-06T16:29:11","modified_gmt":"2023-07-06T22:29:11","slug":"se-inundan-de-borreguillas-arboles-en-centricas-calles-xalapenas","status":"publish","type":"post","link":"https:\/\/encuentroinformativo.com.mx\/?p=42586","title":{"rendered":"Se inundan de &#8220;borreguillas&#8221; \u00e1rboles en c\u00e9ntricas calles xalape\u00f1as"},"content":{"rendered":"\n<p><strong>Juan Arcos <\/strong><\/p>\n\n\n\n<p>Xalapa, Ver.- En la zona centro de la ciudad de Xalapa se report\u00f3 la ca\u00edda de \u201cborreguillas\u201d de un \u00e1rbol que se encuentra en un camell\u00f3n central.<\/p>\n\n\n\n<p>Esto ocurri\u00f3 la ma\u00f1ana del este jueves 6 de julio en el entronque de las calles Guti\u00e9rrez Zamora y Santos Degollado, cerca de Xalape\u00f1os Ilustres y de la Galer\u00eda de Arte Contempor\u00e1neo de Xalapa (GACX).<\/p>\n\n\n\n<p>Al sitio arrib\u00f3 personal de la Direcci\u00f3n de Medio Ambiente del ayuntamiento de Xalapa para acordonar el camell\u00f3n y realizar los trabajos de fumigaci\u00f3n.<\/p>\n\n\n\n<p>Los vecinos y comerciantes de la zona alertaron a la poblaci\u00f3n para que evitara caminar a un costado del camell\u00f3n mencionado.<\/p>\n\n\n\n<p>\u201cQue no pasen cerca del \u00e1rbol Nogal porque est\u00e1n cayendo borreguillas y mejor utilicen las laterales para que no les caiga una borreguilla encima\u201d.<\/p>\n\n\n\n<p>Se trata de un insecto que tambi\u00e9n es conocido como \u201coruga peluche\u201d, cuya tonalidad es blanca con franjas caf\u00e9s y su picadura puede ser perjudicial para la salud de las personas.<\/p>\n\n\n\n<p>La gente indic\u00f3 que las consecuencias de tocarlo y sufrir una picadura pueden ser dolor intenso en la zona de contacto y hasta padecer calentura.<\/p>\n\n\n\n<p>\u201cAhorita van a fumigar y ya nosotros vamos a barrer y recoger a todos los animalitos, es para evitar una afectaci\u00f3n a la poblaci\u00f3n, ya despu\u00e9s se quitar\u00e1 el acordonamiento\u201d, a\u00f1adieron las personas.<\/p>\n","protected":false},"excerpt":{"rendered":"<p>Juan Arcos Xalapa, Ver.- En la zona centro de la ciudad de Xalapa se report\u00f3 la ca\u00edda de \u201cborreguillas\u201d de un \u00e1rbol que se encuentra en un camell\u00f3n central. Esto ocurri\u00f3 la ma\u00f1ana del este jueves 6 de julio en el entronque de las calles Guti\u00e9rrez Zamora y Santos Degollado, cerca de Xalape\u00f1os Ilustres y [&hellip;]<\/p>\n","protected":false},"author":2476,"featured_media":42587,"comment_status":"open","ping_status":"open","sticky":false,"template":"","format":"standard","meta":{"_jetpack_memberships_contains_paid_content":false,"footnotes":""},"categories":[3],"tags":[],"class_list":["post-42586","post","type-post","status-publish","format-standard","has-post-thumbnail","hentry","category-xalapa"],"jetpack_featured_media_url":"https:\/\/encuentroinformativo.com.mx\/wp-content\/uploads\/2023\/07\/a6f6ecd9-e688-4342-9420-689e743ec59a.jpg","jetpack_sharing_enabled":true,"jetpack_likes_enabled":true,"amp_enabled":true,"_links":{"self":[{"href":"https:\/\/encuentroinformativo.com.mx\/index.php?rest_route=\/wp\/v2\/posts\/42586","targetHints":{"allow":["GET"]}}],"collection":[{"href":"https:\/\/encuentroinformativo.com.mx\/index.php?rest_route=\/wp\/v2\/posts"}],"about":[{"href":"https:\/\/encuentroinformativo.com.mx\/index.php?rest_route=\/wp\/v2\/types\/post"}],"author":[{"embeddable":true,"href":"https:\/\/encuentroinformativo.com.mx\/index.php?rest_route=\/wp\/v2\/users\/2476"}],"replies":[{"embeddable":true,"href":"https:\/\/encuentroinformativo.com.mx\/index.php?rest_route=%2Fwp%2Fv2%2Fcomments&post=42586"}],"version-history":[{"count":1,"href":"https:\/\/encuentroinformativo.com.mx\/index.php?rest_route=\/wp\/v2\/posts\/42586\/revisions"}],"predecessor-version":[{"id":42588,"href":"https:\/\/encuentroinformativo.com.mx\/index.php?rest_route=\/wp\/v2\/posts\/42586\/revisions\/42588"}],"wp:featuredmedia":[{"embeddable":true,"href":"https:\/\/encuentroinformativo.com.mx\/index.php?rest_route=\/wp\/v2\/media\/42587"}],"wp:attachment":[{"href":"https:\/\/encuentroinformativo.com.mx\/index.php?rest_route=%2Fwp%2Fv2%2Fmedia&parent=42586"}],"wp:term":[{"taxonomy":"category","embeddable":true,"href":"https:\/\/encuentroinformativo.com.mx\/index.php?rest_route=%2Fwp%2Fv2%2Fcategories&post=42586"},{"taxonomy":"post_tag","embeddable":true,"href":"https:\/\/encuentroinformativo.com.mx\/index.php?rest_route=%2Fwp%2Fv2%2Ftags&post=42586"}],"curies":[{"name":"wp","href":"https:\/\/api.w.org\/{rel}","templated":true}]}}