{"id":42589,"date":"2023-07-06T16:51:52","date_gmt":"2023-07-06T22:51:52","guid":{"rendered":"https:\/\/encuentroinformativo.com.mx\/?p=42589"},"modified":"2023-07-06T16:51:56","modified_gmt":"2023-07-06T22:51:56","slug":"comerciantes-de-las-trancas-reclaman-reactivacion-economica","status":"publish","type":"post","link":"https:\/\/encuentroinformativo.com.mx\/?p=42589","title":{"rendered":"Comerciantes de Las Trancas, reclaman reactivaci\u00f3n econ\u00f3mica"},"content":{"rendered":"\n<p><strong>Juan Arcos <\/strong><\/p>\n\n\n\n<p>Xalapa, Ver.- Comerciantes establecidos protestaron y marcharon en la zona de Las Trancas para exigir acciones gubernamentales que permitan la reactivaci\u00f3n econ\u00f3mica de sus negocios.<\/p>\n\n\n\n<p>Los quejosos iniciaron su recorrido en la iglesia cat\u00f3lica Sagrado Coraz\u00f3n de Jes\u00fas y caminaron hacia la carretera federal Xalapa-Veracruz, para hacer visible la problem\u00e1tica.<\/p>\n\n\n\n<p>Iv\u00e1n Ronz\u00f3n, l\u00edder de comerciantes establecidos de Las Trancas, denunci\u00f3 que las autoridades no respetaron los acuerdos que hab\u00edan tomado en pasadas reuniones.<\/p>\n\n\n\n<p>El entrevistado indic\u00f3 que las ventas de los comerciantes han disminuido hasta 80 por ciento, luego de que iniciaran los trabajos para la construcci\u00f3n del puente a desnivel.<\/p>\n\n\n\n<p>Enfatiz\u00f3 que a ra\u00edz de esta obra disminuy\u00f3 la presencia de sus clientes en la zona por falta de espacios para estacionarse.<\/p>\n\n\n\n<p>Hasta el momento, hay quebrado y cerrado sus puertas diez negocios por la crisis financiera que enfrentan.<\/p>\n\n\n\n<p>\u201cEllos est\u00e1n haciendo su obra, pero no tomaron en cuenta el da\u00f1o colateral al comercio, no estamos cerrados, sabemos que se necesitan las obras, pero les hemos propuesto que abran una v\u00eda para que entren los clientes a Las Trancas pero no los dejan pasar, pusieron conos y estos afectan\u201d, enfatiz\u00f3 Iv\u00e1n Ronz\u00f3n.<\/p>\n\n\n\n<p>Los inconformes pidieron nuevamente la intervenci\u00f3n de autoridades municipales y estatales para que sean atendidas sus demandas.<\/p>\n","protected":false},"excerpt":{"rendered":"<p>Juan Arcos Xalapa, Ver.- Comerciantes establecidos protestaron y marcharon en la zona de Las Trancas para exigir acciones gubernamentales que permitan la reactivaci\u00f3n econ\u00f3mica de sus negocios. Los quejosos iniciaron su recorrido en la iglesia cat\u00f3lica Sagrado Coraz\u00f3n de Jes\u00fas y caminaron hacia la carretera federal Xalapa-Veracruz, para hacer visible la problem\u00e1tica. Iv\u00e1n Ronz\u00f3n, l\u00edder [&hellip;]<\/p>\n","protected":false},"author":2476,"featured_media":42590,"comment_status":"open","ping_status":"open","sticky":false,"template":"","format":"standard","meta":{"_jetpack_memberships_contains_paid_content":false,"footnotes":""},"categories":[8],"tags":[],"class_list":["post-42589","post","type-post","status-publish","format-standard","has-post-thumbnail","hentry","category-region"],"jetpack_featured_media_url":"https:\/\/encuentroinformativo.com.mx\/wp-content\/uploads\/2023\/07\/aeb6aa09-bc21-48a1-b7ca-1a797b576b1c.jpg","jetpack_sharing_enabled":true,"jetpack_likes_enabled":true,"amp_enabled":true,"_links":{"self":[{"href":"https:\/\/encuentroinformativo.com.mx\/index.php?rest_route=\/wp\/v2\/posts\/42589","targetHints":{"allow":["GET"]}}],"collection":[{"href":"https:\/\/encuentroinformativo.com.mx\/index.php?rest_route=\/wp\/v2\/posts"}],"about":[{"href":"https:\/\/encuentroinformativo.com.mx\/index.php?rest_route=\/wp\/v2\/types\/post"}],"author":[{"embeddable":true,"href":"https:\/\/encuentroinformativo.com.mx\/index.php?rest_route=\/wp\/v2\/users\/2476"}],"replies":[{"embeddable":true,"href":"https:\/\/encuentroinformativo.com.mx\/index.php?rest_route=%2Fwp%2Fv2%2Fcomments&post=42589"}],"version-history":[{"count":1,"href":"https:\/\/encuentroinformativo.com.mx\/index.php?rest_route=\/wp\/v2\/posts\/42589\/revisions"}],"predecessor-version":[{"id":42591,"href":"https:\/\/encuentroinformativo.com.mx\/index.php?rest_route=\/wp\/v2\/posts\/42589\/revisions\/42591"}],"wp:featuredmedia":[{"embeddable":true,"href":"https:\/\/encuentroinformativo.com.mx\/index.php?rest_route=\/wp\/v2\/media\/42590"}],"wp:attachment":[{"href":"https:\/\/encuentroinformativo.com.mx\/index.php?rest_route=%2Fwp%2Fv2%2Fmedia&parent=42589"}],"wp:term":[{"taxonomy":"category","embeddable":true,"href":"https:\/\/encuentroinformativo.com.mx\/index.php?rest_route=%2Fwp%2Fv2%2Fcategories&post=42589"},{"taxonomy":"post_tag","embeddable":true,"href":"https:\/\/encuentroinformativo.com.mx\/index.php?rest_route=%2Fwp%2Fv2%2Ftags&post=42589"}],"curies":[{"name":"wp","href":"https:\/\/api.w.org\/{rel}","templated":true}]}}