{"id":42592,"date":"2023-07-06T19:57:24","date_gmt":"2023-07-07T01:57:24","guid":{"rendered":"https:\/\/encuentroinformativo.com.mx\/?p=42592"},"modified":"2023-07-06T19:57:28","modified_gmt":"2023-07-07T01:57:28","slug":"exhortan-autoridades-a-reforzar-acciones-de-prevencion-contra-dengue","status":"publish","type":"post","link":"https:\/\/encuentroinformativo.com.mx\/?p=42592","title":{"rendered":"Exhortan autoridades a reforzar acciones de prevenci\u00f3n contra dengue"},"content":{"rendered":"\n<p><strong>Dar\u00edo Pale <\/strong><\/p>\n\n\n\n<p>Xalapa, Ver.- La directora de Salud del Ayuntamiento de Xalapa, Olga Alarc\u00f3n Ricardez dio a conocer que se aproxima el bimestre agosto y septiembre el cual es considerado por autoridades sanitarias como el de m\u00e1s alta proliferaci\u00f3n del mosco transmisor del dengue; en d\u00edas recientes, se ha confirmado la enfermedad en tres personas.<\/p>\n\n\n\n<p>En conferencia de prensa se\u00f1al\u00f3 que, las personas contagiadas son de las colonias Lomas Verdes, Reforma y 2 de abril. \u00a0<\/p>\n\n\n\n<p>Record\u00f3 que, para evitar las condiciones registradas en 2019, cuando el brote afect\u00f3 350 colonias de la ciudad con 150 enfermos, la direcci\u00f3n a su cargo realiza labores permanentes de combate al mosco Aedes aegypti. \u00a0<\/p>\n\n\n\n<p>No obstante, tambi\u00e9n es fundamental la participaci\u00f3n ciudadana para evitar criaderos, y es que si bien a la fecha, dijo, los porcentajes con relaci\u00f3n a contagios son bajos, debe prevalecer la prevenci\u00f3n ya que la temporada de lluvias est\u00e1 iniciando. \u00a0<\/p>\n\n\n\n<p>\u201cLa temporada de alta transmisi\u00f3n del dengue inicia en junio junto con la temporada de lluvias que tiene su m\u00e1ximo auge en los meses se agosto y septiembre y finaliza entre noviembre y diciembre\u201d, se\u00f1al\u00f3.<\/p>\n\n\n\n<p>&#8220;Por tal motivo las jornadas de descacharrizaci\u00f3n se hacen todo el a\u00f1o, para evitar que haya lugares donde se acumule el agua, el mosco deje larvas, revienten y proliferen los moscos\u201d, agreg\u00f3.<\/p>\n\n\n\n<p>Finalmente, Alarc\u00f3n Ricardez reiter\u00f3 el llamado de participaci\u00f3n para sumarse a las labores que se llevan a cabo al respecto por lo que es necesario, dijo, informarse a trav\u00e9s de los canales institucionales del municipio. \u00a0<\/p>\n\n\n\n<p>\u201cSon jornadas sabatinas y previamente se anuncian, es una acci\u00f3n preventiva para inhibir la proliferaci\u00f3n del mosco y cuidar la salud\u201d.<\/p>\n","protected":false},"excerpt":{"rendered":"<p>Dar\u00edo Pale Xalapa, Ver.- La directora de Salud del Ayuntamiento de Xalapa, Olga Alarc\u00f3n Ricardez dio a conocer que se aproxima el bimestre agosto y septiembre el cual es considerado por autoridades sanitarias como el de m\u00e1s alta proliferaci\u00f3n del mosco transmisor del dengue; en d\u00edas recientes, se ha confirmado la enfermedad en tres personas. [&hellip;]<\/p>\n","protected":false},"author":2476,"featured_media":42593,"comment_status":"open","ping_status":"open","sticky":false,"template":"","format":"standard","meta":{"_jetpack_memberships_contains_paid_content":false,"footnotes":""},"categories":[9],"tags":[],"class_list":["post-42592","post","type-post","status-publish","format-standard","has-post-thumbnail","hentry","category-salud"],"jetpack_featured_media_url":"https:\/\/encuentroinformativo.com.mx\/wp-content\/uploads\/2023\/07\/IMG-20230706-WA0039.jpg","jetpack_sharing_enabled":true,"jetpack_likes_enabled":true,"amp_enabled":true,"_links":{"self":[{"href":"https:\/\/encuentroinformativo.com.mx\/index.php?rest_route=\/wp\/v2\/posts\/42592","targetHints":{"allow":["GET"]}}],"collection":[{"href":"https:\/\/encuentroinformativo.com.mx\/index.php?rest_route=\/wp\/v2\/posts"}],"about":[{"href":"https:\/\/encuentroinformativo.com.mx\/index.php?rest_route=\/wp\/v2\/types\/post"}],"author":[{"embeddable":true,"href":"https:\/\/encuentroinformativo.com.mx\/index.php?rest_route=\/wp\/v2\/users\/2476"}],"replies":[{"embeddable":true,"href":"https:\/\/encuentroinformativo.com.mx\/index.php?rest_route=%2Fwp%2Fv2%2Fcomments&post=42592"}],"version-history":[{"count":1,"href":"https:\/\/encuentroinformativo.com.mx\/index.php?rest_route=\/wp\/v2\/posts\/42592\/revisions"}],"predecessor-version":[{"id":42594,"href":"https:\/\/encuentroinformativo.com.mx\/index.php?rest_route=\/wp\/v2\/posts\/42592\/revisions\/42594"}],"wp:featuredmedia":[{"embeddable":true,"href":"https:\/\/encuentroinformativo.com.mx\/index.php?rest_route=\/wp\/v2\/media\/42593"}],"wp:attachment":[{"href":"https:\/\/encuentroinformativo.com.mx\/index.php?rest_route=%2Fwp%2Fv2%2Fmedia&parent=42592"}],"wp:term":[{"taxonomy":"category","embeddable":true,"href":"https:\/\/encuentroinformativo.com.mx\/index.php?rest_route=%2Fwp%2Fv2%2Fcategories&post=42592"},{"taxonomy":"post_tag","embeddable":true,"href":"https:\/\/encuentroinformativo.com.mx\/index.php?rest_route=%2Fwp%2Fv2%2Ftags&post=42592"}],"curies":[{"name":"wp","href":"https:\/\/api.w.org\/{rel}","templated":true}]}}