{"id":42603,"date":"2023-07-07T09:50:04","date_gmt":"2023-07-07T15:50:04","guid":{"rendered":"https:\/\/encuentroinformativo.com.mx\/?p=42603"},"modified":"2023-07-07T09:50:09","modified_gmt":"2023-07-07T15:50:09","slug":"se-incendia-local-de-venta-de-madera","status":"publish","type":"post","link":"https:\/\/encuentroinformativo.com.mx\/?p=42603","title":{"rendered":"Se incendia local de venta de madera"},"content":{"rendered":"\n<p><strong>Dar\u00edo Pale <\/strong><\/p>\n\n\n\n<p>Xalapa, Ver.- Incendian local de venta de madera el cual desde hace seis meses ya hab\u00eda denunciado ante la Fiscal\u00eda General del Estado (FGE) que los hab\u00edan amenazado sin que hasta el momento hicieran algo.<\/p>\n\n\n\n<p>El incendio fue reportado cerca de las 03:25 horas de este d\u00eda en la Calle Dalia de la colonia Guadalupe Victoria del municipio de San Andr\u00e9s Tlalnehuayocan y despu\u00e9s de casi tres horas y media ya ten\u00edan controlado el incendio en un 80 por ciento, y contin\u00faan con las labores de limpieza,&nbsp;<\/p>\n\n\n\n<p>El se\u00f1or Antonio Morales Mart\u00ednez inform\u00f3 que desde hace 6 meses interpuso una denuncia en la Fiscal\u00eda debido a que hab\u00eda sido amenazado por un sujeto que le solicitaba que se fuera de la zona y dejara de vender madera.<\/p>\n\n\n\n<p>Dio a conocer que el incendio fue provocado por lo que solicita la ayuda del Gobernador del estado Cuitl\u00e1huac Garc\u00eda Jim\u00e9nez.<\/p>\n\n\n\n<p>Personal de Bomberos en coordinaci\u00f3n con Protecci\u00f3n Civil Municipal, Comisi\u00f3n Nacional de Emergencia y Polic\u00eda Estatal se movilizaron para controlar el siniestro.<\/p>\n\n\n\n<p>Afortunadamente no se reportaron personas lesionadas ni intoxicadas, solo da\u00f1os materiales.<\/p>\n\n\n\n<figure class=\"wp-block-image size-large\"><img loading=\"lazy\" decoding=\"async\" width=\"1024\" height=\"576\" src=\"https:\/\/encuentroinformativo.com.mx\/wp-content\/uploads\/2023\/07\/IMG-20230707-WA0004-1024x576.jpg\" alt=\"\" class=\"wp-image-42605\" srcset=\"https:\/\/encuentroinformativo.com.mx\/wp-content\/uploads\/2023\/07\/IMG-20230707-WA0004-1024x576.jpg 1024w, https:\/\/encuentroinformativo.com.mx\/wp-content\/uploads\/2023\/07\/IMG-20230707-WA0004-300x169.jpg 300w, https:\/\/encuentroinformativo.com.mx\/wp-content\/uploads\/2023\/07\/IMG-20230707-WA0004-768x432.jpg 768w, https:\/\/encuentroinformativo.com.mx\/wp-content\/uploads\/2023\/07\/IMG-20230707-WA0004-1536x864.jpg 1536w, https:\/\/encuentroinformativo.com.mx\/wp-content\/uploads\/2023\/07\/IMG-20230707-WA0004.jpg 1600w\" sizes=\"auto, (max-width: 1024px) 100vw, 1024px\" \/><\/figure>\n","protected":false},"excerpt":{"rendered":"<p>Dar\u00edo Pale Xalapa, Ver.- Incendian local de venta de madera el cual desde hace seis meses ya hab\u00eda denunciado ante la Fiscal\u00eda General del Estado (FGE) que los hab\u00edan amenazado sin que hasta el momento hicieran algo. El incendio fue reportado cerca de las 03:25 horas de este d\u00eda en la Calle Dalia de la [&hellip;]<\/p>\n","protected":false},"author":2476,"featured_media":42604,"comment_status":"open","ping_status":"open","sticky":false,"template":"","format":"standard","meta":{"_jetpack_memberships_contains_paid_content":false,"footnotes":""},"categories":[8],"tags":[],"class_list":["post-42603","post","type-post","status-publish","format-standard","has-post-thumbnail","hentry","category-region"],"jetpack_featured_media_url":"https:\/\/encuentroinformativo.com.mx\/wp-content\/uploads\/2023\/07\/IMG-20230707-WA0001.jpg","jetpack_sharing_enabled":true,"jetpack_likes_enabled":true,"amp_enabled":true,"_links":{"self":[{"href":"https:\/\/encuentroinformativo.com.mx\/index.php?rest_route=\/wp\/v2\/posts\/42603","targetHints":{"allow":["GET"]}}],"collection":[{"href":"https:\/\/encuentroinformativo.com.mx\/index.php?rest_route=\/wp\/v2\/posts"}],"about":[{"href":"https:\/\/encuentroinformativo.com.mx\/index.php?rest_route=\/wp\/v2\/types\/post"}],"author":[{"embeddable":true,"href":"https:\/\/encuentroinformativo.com.mx\/index.php?rest_route=\/wp\/v2\/users\/2476"}],"replies":[{"embeddable":true,"href":"https:\/\/encuentroinformativo.com.mx\/index.php?rest_route=%2Fwp%2Fv2%2Fcomments&post=42603"}],"version-history":[{"count":1,"href":"https:\/\/encuentroinformativo.com.mx\/index.php?rest_route=\/wp\/v2\/posts\/42603\/revisions"}],"predecessor-version":[{"id":42606,"href":"https:\/\/encuentroinformativo.com.mx\/index.php?rest_route=\/wp\/v2\/posts\/42603\/revisions\/42606"}],"wp:featuredmedia":[{"embeddable":true,"href":"https:\/\/encuentroinformativo.com.mx\/index.php?rest_route=\/wp\/v2\/media\/42604"}],"wp:attachment":[{"href":"https:\/\/encuentroinformativo.com.mx\/index.php?rest_route=%2Fwp%2Fv2%2Fmedia&parent=42603"}],"wp:term":[{"taxonomy":"category","embeddable":true,"href":"https:\/\/encuentroinformativo.com.mx\/index.php?rest_route=%2Fwp%2Fv2%2Fcategories&post=42603"},{"taxonomy":"post_tag","embeddable":true,"href":"https:\/\/encuentroinformativo.com.mx\/index.php?rest_route=%2Fwp%2Fv2%2Ftags&post=42603"}],"curies":[{"name":"wp","href":"https:\/\/api.w.org\/{rel}","templated":true}]}}