{"id":42613,"date":"2023-07-07T11:42:56","date_gmt":"2023-07-07T17:42:56","guid":{"rendered":"https:\/\/encuentroinformativo.com.mx\/?p=42613"},"modified":"2023-07-07T11:43:00","modified_gmt":"2023-07-07T17:43:00","slug":"diputados-de-morena-exigen-que-santiago-creel-abandone-su-curul","status":"publish","type":"post","link":"https:\/\/encuentroinformativo.com.mx\/?p=42613","title":{"rendered":"Diputados de Morena exigen que Santiago Creel abandone su curul"},"content":{"rendered":"\n<p><strong>Alejandro \u00c1vila<\/strong><\/p>\n\n\n\n<p>Veracruz, Ver.- La diputada federal de Morena, Julieta Ram\u00edrez Padilla, solicit\u00f3 a su hom\u00f3logo panista Santiago Creel Miranda, que deje el cargo de presidente de la Mesa Directiva, toda vez que es un escaparate medi\u00e1tico para sus aspiraciones a la presidencia de la rep\u00fablica.<\/p>\n\n\n\n<p>La legisladora de Mexicali visit\u00f3 el puerto de Veracruz la ma\u00f1ana de este viernes y agreg\u00f3 que existe una incongruencia por parte de la oposici\u00f3n, ya que desde hace semanas han solicitado a las &#8220;corchoratas&#8221; de Morena abandonar su cargo p\u00fablico, y ahora los aspirantes por el Frente Amplio por M\u00e9xico aplican la misma acci\u00f3n.<\/p>\n\n\n\n<p>&#8220;Ahora que hicieron su copia barata de la convocatoria de Morena lo est\u00e1n haciendo igual, pero a la vez sin renunciar, Entonces por congruencia n\u00famero uno deber\u00edan de dejar de usar los recursos de la C\u00e1mara de Diputados, y los canales de comunicaci\u00f3n que tiene la C\u00e1mara de Diputados para efectos de mediatizarse, y usarlos medi\u00e1ticamente para sus objetivos y beneficios personales&#8221;, subray\u00f3.<\/p>\n\n\n\n<p>Finalmente, la diputada morenista dijo que la oposici\u00f3n se ve &#8220;descuartizada&#8221; y nada homog\u00e9nea, a diferencia de su partido, donde la ciudadan\u00eda elegir\u00e1 a su candidato, el Frente Amplio por M\u00e9xico, asegur\u00f3, tendr\u00e1 a su candidato por el &#8220;dedazo&#8221; de Claudio X. Gonz\u00e1lez.<\/p>\n","protected":false},"excerpt":{"rendered":"<p>Alejandro \u00c1vila Veracruz, Ver.- La diputada federal de Morena, Julieta Ram\u00edrez Padilla, solicit\u00f3 a su hom\u00f3logo panista Santiago Creel Miranda, que deje el cargo de presidente de la Mesa Directiva, toda vez que es un escaparate medi\u00e1tico para sus aspiraciones a la presidencia de la rep\u00fablica. La legisladora de Mexicali visit\u00f3 el puerto de Veracruz [&hellip;]<\/p>\n","protected":false},"author":2476,"featured_media":42614,"comment_status":"open","ping_status":"open","sticky":false,"template":"","format":"standard","meta":{"_jetpack_memberships_contains_paid_content":false,"footnotes":""},"categories":[12],"tags":[],"class_list":["post-42613","post","type-post","status-publish","format-standard","has-post-thumbnail","hentry","category-nacional"],"jetpack_featured_media_url":"https:\/\/encuentroinformativo.com.mx\/wp-content\/uploads\/2023\/07\/IMG-20230707-WA0014.jpg","jetpack_sharing_enabled":true,"jetpack_likes_enabled":true,"amp_enabled":true,"_links":{"self":[{"href":"https:\/\/encuentroinformativo.com.mx\/index.php?rest_route=\/wp\/v2\/posts\/42613","targetHints":{"allow":["GET"]}}],"collection":[{"href":"https:\/\/encuentroinformativo.com.mx\/index.php?rest_route=\/wp\/v2\/posts"}],"about":[{"href":"https:\/\/encuentroinformativo.com.mx\/index.php?rest_route=\/wp\/v2\/types\/post"}],"author":[{"embeddable":true,"href":"https:\/\/encuentroinformativo.com.mx\/index.php?rest_route=\/wp\/v2\/users\/2476"}],"replies":[{"embeddable":true,"href":"https:\/\/encuentroinformativo.com.mx\/index.php?rest_route=%2Fwp%2Fv2%2Fcomments&post=42613"}],"version-history":[{"count":1,"href":"https:\/\/encuentroinformativo.com.mx\/index.php?rest_route=\/wp\/v2\/posts\/42613\/revisions"}],"predecessor-version":[{"id":42615,"href":"https:\/\/encuentroinformativo.com.mx\/index.php?rest_route=\/wp\/v2\/posts\/42613\/revisions\/42615"}],"wp:featuredmedia":[{"embeddable":true,"href":"https:\/\/encuentroinformativo.com.mx\/index.php?rest_route=\/wp\/v2\/media\/42614"}],"wp:attachment":[{"href":"https:\/\/encuentroinformativo.com.mx\/index.php?rest_route=%2Fwp%2Fv2%2Fmedia&parent=42613"}],"wp:term":[{"taxonomy":"category","embeddable":true,"href":"https:\/\/encuentroinformativo.com.mx\/index.php?rest_route=%2Fwp%2Fv2%2Fcategories&post=42613"},{"taxonomy":"post_tag","embeddable":true,"href":"https:\/\/encuentroinformativo.com.mx\/index.php?rest_route=%2Fwp%2Fv2%2Ftags&post=42613"}],"curies":[{"name":"wp","href":"https:\/\/api.w.org\/{rel}","templated":true}]}}