{"id":42616,"date":"2023-07-07T11:52:14","date_gmt":"2023-07-07T17:52:14","guid":{"rendered":"https:\/\/encuentroinformativo.com.mx\/?p=42616"},"modified":"2023-07-07T11:52:20","modified_gmt":"2023-07-07T17:52:20","slug":"niega-alcalde-de-medellin-tener-adeudos-con-cfe","status":"publish","type":"post","link":"https:\/\/encuentroinformativo.com.mx\/?p=42616","title":{"rendered":"Niega alcalde de Medell\u00edn tener adeudos con CFE"},"content":{"rendered":"\n<p><strong>Alejandro \u00c1vila<\/strong><\/p>\n\n\n\n<p>Medell\u00edn de Bravo, Ver.- El alcalde, Marcos Isle\u00f1o Andrade, acus\u00f3 a la Comisi\u00f3n Federal de Electricidad (CFE) de actuar de forma \u201carbitraria e indebida\u201d al realizar cortes de energ\u00eda por una supuesta falta de pago, lo cual es falso.<\/p>\n\n\n\n<p>Mostrando evidencia de los pagos realizados, el edil sostuvo que los requerimientos de cobro que realiza la empresa paraestatal al Ayuntamiento carecen de sustento y de una explicaci\u00f3n basada en argumentos legales.<\/p>\n\n\n\n<p>A trav\u00e9s de sus redes sociales, el alcalde medellinense dej\u00f3 en claro que su administraci\u00f3n no pagar\u00e1 ning\u00fan adeudo que no est\u00e9 bien clarificado, toda vez que su tarea es cuidar y transparentar cada peso que se erogue como parte de los procesos operacionales de la comuna.<\/p>\n\n\n\n<p>En un mensaje dirigido a los vecinos de los fraccionamientos Lagos, 18 de Marzo y Puente Moreno, Isle\u00f1o Andrade calific\u00f3 como un atropello las acciones emprendidas por la citada empresa.<\/p>\n\n\n\n<p>\u201cEl d\u00eda de hoy CFE realiz\u00f3 cortes en el alumbrado p\u00fablico de forma indebida y arbitraria, la cuadrilla argumentando simplemente que existe un adeudo, cosa totalmente falsa c\u00f3mo se demuestra en el pago hecho este \u00faltimo mes\u201d.&nbsp;<\/p>\n\n\n\n<p>\u201cActualmente sostenemos un pleito legal sobre unos \u201csupuestos ajustes\u201d mismo que carecen de certeza legal porque nadie nos explica de donde procede y el por qu\u00e9, nuestro deber como administraci\u00f3n es cuidar el dinero del pueblo y evitar pagarle a cualquier proveedor s\u00f3lo por el hecho de que quieran cobrar algo que ni siquiera explican qu\u00e9 es, esto incluyendo obviamente tambi\u00e9n a CFE\u201d.&nbsp;<\/p>\n\n\n\n<p>\u201cMientras no demuestren fehacientemente de que son esos ajustes por 1.4 millones de pesos, nos negaremos a pagar hasta que todo sea transparente\u201d.&nbsp;<\/p>\n\n\n\n<p>\u201cDe acuerdo a las pl\u00e1ticas sostenidas con nuestro cuerpo jur\u00eddico esto tiene que resolverse a m\u00e1s tardar la semana entrante, por lo que pido su apoyo, colaboraci\u00f3n y paciencia ante este tema que es un atropello; que como lo mencion\u00e9 mi deber es cuidar el erario p\u00fablico y s\u00f3lo pagar lo que es correcto\u201d.<\/p>\n","protected":false},"excerpt":{"rendered":"<p>Alejandro \u00c1vila Medell\u00edn de Bravo, Ver.- El alcalde, Marcos Isle\u00f1o Andrade, acus\u00f3 a la Comisi\u00f3n Federal de Electricidad (CFE) de actuar de forma \u201carbitraria e indebida\u201d al realizar cortes de energ\u00eda por una supuesta falta de pago, lo cual es falso. Mostrando evidencia de los pagos realizados, el edil sostuvo que los requerimientos de cobro [&hellip;]<\/p>\n","protected":false},"author":2476,"featured_media":42617,"comment_status":"open","ping_status":"open","sticky":false,"template":"","format":"standard","meta":{"_jetpack_memberships_contains_paid_content":false,"footnotes":""},"categories":[2],"tags":[],"class_list":["post-42616","post","type-post","status-publish","format-standard","has-post-thumbnail","hentry","category-estado"],"jetpack_featured_media_url":"https:\/\/encuentroinformativo.com.mx\/wp-content\/uploads\/2023\/07\/IMG-20230707-WA0015.jpg","jetpack_sharing_enabled":true,"jetpack_likes_enabled":true,"amp_enabled":true,"_links":{"self":[{"href":"https:\/\/encuentroinformativo.com.mx\/index.php?rest_route=\/wp\/v2\/posts\/42616","targetHints":{"allow":["GET"]}}],"collection":[{"href":"https:\/\/encuentroinformativo.com.mx\/index.php?rest_route=\/wp\/v2\/posts"}],"about":[{"href":"https:\/\/encuentroinformativo.com.mx\/index.php?rest_route=\/wp\/v2\/types\/post"}],"author":[{"embeddable":true,"href":"https:\/\/encuentroinformativo.com.mx\/index.php?rest_route=\/wp\/v2\/users\/2476"}],"replies":[{"embeddable":true,"href":"https:\/\/encuentroinformativo.com.mx\/index.php?rest_route=%2Fwp%2Fv2%2Fcomments&post=42616"}],"version-history":[{"count":1,"href":"https:\/\/encuentroinformativo.com.mx\/index.php?rest_route=\/wp\/v2\/posts\/42616\/revisions"}],"predecessor-version":[{"id":42618,"href":"https:\/\/encuentroinformativo.com.mx\/index.php?rest_route=\/wp\/v2\/posts\/42616\/revisions\/42618"}],"wp:featuredmedia":[{"embeddable":true,"href":"https:\/\/encuentroinformativo.com.mx\/index.php?rest_route=\/wp\/v2\/media\/42617"}],"wp:attachment":[{"href":"https:\/\/encuentroinformativo.com.mx\/index.php?rest_route=%2Fwp%2Fv2%2Fmedia&parent=42616"}],"wp:term":[{"taxonomy":"category","embeddable":true,"href":"https:\/\/encuentroinformativo.com.mx\/index.php?rest_route=%2Fwp%2Fv2%2Fcategories&post=42616"},{"taxonomy":"post_tag","embeddable":true,"href":"https:\/\/encuentroinformativo.com.mx\/index.php?rest_route=%2Fwp%2Fv2%2Ftags&post=42616"}],"curies":[{"name":"wp","href":"https:\/\/api.w.org\/{rel}","templated":true}]}}