{"id":42622,"date":"2023-07-07T12:07:37","date_gmt":"2023-07-07T18:07:37","guid":{"rendered":"https:\/\/encuentroinformativo.com.mx\/?p=42622"},"modified":"2023-07-07T12:07:40","modified_gmt":"2023-07-07T18:07:40","slug":"fructifera-gira-por-municipios-veracruzanos-adan-augusto","status":"publish","type":"post","link":"https:\/\/encuentroinformativo.com.mx\/?p=42622","title":{"rendered":"Fruct\u00edfera gira por municipios veracruzanos: Ad\u00e1n Augusto"},"content":{"rendered":"\n<p><strong>Juan Arcos <\/strong><\/p>\n\n\n\n<p>Xalapa, Ver.- Ad\u00e1n Augusto L\u00f3pez Hern\u00e1ndez visit\u00f3 el centro hist\u00f3rico de la ciudad de Veracruz la ma\u00f1ana de este viernes 7 de julio, donde garantiz\u00f3 que es p\u00fablico el informe de los gastos que ha realizado como aspirante a la Coordinaci\u00f3n Nacional de Comit\u00e9s en Defensa de la Cuarta Transformaci\u00f3n (4T).<\/p>\n\n\n\n<p>En conferencia de prensa, el tabasque\u00f1o inform\u00f3 que hasta el pasado 30 de junio se han erogado aproximadamente 900 mil pesos, cuyas actividades en distintos puntos del pa\u00eds han sido financiadas con recursos propios.<\/p>\n\n\n\n<p>El exfuncionario federal cumpli\u00f3 19 d\u00edas de recorridos a lo largo de la Rep\u00fablica Mexicana y este viernes continuar\u00e1 en el territorio veracruzano.<\/p>\n\n\n\n<p>\u201cEs p\u00fablico el informe de los gastos que yo estoy realizando durante el tiempo de este encargo como delegado. A la fecha hemos erogado aproximadamente 900 mil pesos al 30 de junio y se ha realizado con recursos propios. No necesitamos recursos p\u00fablicos para construir y fortalecer este movimiento, ese es uno de nuestros orgullos, cuando menos m\u00edo que soy fundador de Morena\u201d.<\/p>\n\n\n\n<p>El exsecretario de Gobernaci\u00f3n enfatiz\u00f3 que durante su caminar, a lado de su \u201cmaestro\u201d el presidente de la Rep\u00fablica, Andr\u00e9s Manuel L\u00f3pez Obrador, ha entendido que cuando tienes de tu lado al \u201cbondadoso\u201d y \u201cgeneroso\u201d pueblo de M\u00e9xico las cosas son m\u00e1s f\u00e1ciles y no se necesitan recursos p\u00fablicos.<\/p>\n\n\n\n<p>Ad\u00e1n Augusto enfatiz\u00f3 que ha sido \u201cfruct\u00edfera\u201d su gira por los municipios de Tuxpan, Poza Rica, Mart\u00ednez de la Torre, Misantla, Xalapa y Veracruz, para cerrar este viernes sus actividades en el territorio estatal con asambleas informativas en San Andr\u00e9s Tuxtla y Coatzacoalcos, al sur de la entidad, programadas a las 12:00 y 17:00 horas, respectivamente.<\/p>\n\n\n\n<p>Adelant\u00f3 que planea volver a tierras veracruzanas durante los d\u00edas 27 y 28 de julio, para recorrer los municipios de C\u00f3rdoba, Orizaba y posiblemente Zongolica, para cerrar sus actividades en el puerto de Veracruz.<\/p>\n\n\n\n<p>\u201cCreo que Veracruz tiene un gran futuro, tiene riquezas naturales inacabables. Ayer pude ir a Mart\u00ednez de la Torre para ver todo el desarrollo de esa regi\u00f3n, constatar c\u00f3mo se trabaja de manera ordenada, por algo son el primer exportador de lim\u00f3n persa\u201d.<\/p>\n\n\n\n<p>L\u00f3pez Hern\u00e1ndez indic\u00f3 que sus adversarios pol\u00edticos est\u00e1n preocupados por el crecimiento de su proyecto pol\u00edtico a nivel nacional y, por ello, emprenden una \u201cguerra sucia\u201d en su contra para intentar desprestigiarlo.<\/p>\n\n\n\n<p>\u201cNosotros hacemos nuestro trabajo profesional y a m\u00ed no me asusta la guerra sucia, en este oficio cuando uno tiene la conciencia tranquila, la verdad siempre sale a flote. Desde luego, una de las fortalezas es el n\u00facleo familiar\u201d, refiri\u00f3 durante su estancia en el puerto jarocho.<\/p>\n\n\n\n<p>Ad\u00e1n Augusto L\u00f3pez, fue secretario de Gobernaci\u00f3n (Segob) desde el 26 de agosto de 2021 y renunci\u00f3 al cargo el viernes 16 de junio (2023), para participar en el proceso interno del Movimiento de Regeneraci\u00f3n Nacional (Morena), en el que se elegir\u00e1 al candidato presidencial rumbo a las elecciones de 2024.<\/p>\n","protected":false},"excerpt":{"rendered":"<p>Juan Arcos Xalapa, Ver.- Ad\u00e1n Augusto L\u00f3pez Hern\u00e1ndez visit\u00f3 el centro hist\u00f3rico de la ciudad de Veracruz la ma\u00f1ana de este viernes 7 de julio, donde garantiz\u00f3 que es p\u00fablico el informe de los gastos que ha realizado como aspirante a la Coordinaci\u00f3n Nacional de Comit\u00e9s en Defensa de la Cuarta Transformaci\u00f3n (4T). En conferencia [&hellip;]<\/p>\n","protected":false},"author":2476,"featured_media":42623,"comment_status":"open","ping_status":"open","sticky":false,"template":"","format":"standard","meta":{"_jetpack_memberships_contains_paid_content":false,"footnotes":""},"categories":[2],"tags":[],"class_list":["post-42622","post","type-post","status-publish","format-standard","has-post-thumbnail","hentry","category-estado"],"jetpack_featured_media_url":"https:\/\/encuentroinformativo.com.mx\/wp-content\/uploads\/2023\/07\/IMG_82452.jpg","jetpack_sharing_enabled":true,"jetpack_likes_enabled":true,"amp_enabled":true,"_links":{"self":[{"href":"https:\/\/encuentroinformativo.com.mx\/index.php?rest_route=\/wp\/v2\/posts\/42622","targetHints":{"allow":["GET"]}}],"collection":[{"href":"https:\/\/encuentroinformativo.com.mx\/index.php?rest_route=\/wp\/v2\/posts"}],"about":[{"href":"https:\/\/encuentroinformativo.com.mx\/index.php?rest_route=\/wp\/v2\/types\/post"}],"author":[{"embeddable":true,"href":"https:\/\/encuentroinformativo.com.mx\/index.php?rest_route=\/wp\/v2\/users\/2476"}],"replies":[{"embeddable":true,"href":"https:\/\/encuentroinformativo.com.mx\/index.php?rest_route=%2Fwp%2Fv2%2Fcomments&post=42622"}],"version-history":[{"count":1,"href":"https:\/\/encuentroinformativo.com.mx\/index.php?rest_route=\/wp\/v2\/posts\/42622\/revisions"}],"predecessor-version":[{"id":42624,"href":"https:\/\/encuentroinformativo.com.mx\/index.php?rest_route=\/wp\/v2\/posts\/42622\/revisions\/42624"}],"wp:featuredmedia":[{"embeddable":true,"href":"https:\/\/encuentroinformativo.com.mx\/index.php?rest_route=\/wp\/v2\/media\/42623"}],"wp:attachment":[{"href":"https:\/\/encuentroinformativo.com.mx\/index.php?rest_route=%2Fwp%2Fv2%2Fmedia&parent=42622"}],"wp:term":[{"taxonomy":"category","embeddable":true,"href":"https:\/\/encuentroinformativo.com.mx\/index.php?rest_route=%2Fwp%2Fv2%2Fcategories&post=42622"},{"taxonomy":"post_tag","embeddable":true,"href":"https:\/\/encuentroinformativo.com.mx\/index.php?rest_route=%2Fwp%2Fv2%2Ftags&post=42622"}],"curies":[{"name":"wp","href":"https:\/\/api.w.org\/{rel}","templated":true}]}}