{"id":42625,"date":"2023-07-07T13:32:02","date_gmt":"2023-07-07T19:32:02","guid":{"rendered":"https:\/\/encuentroinformativo.com.mx\/?p=42625"},"modified":"2023-07-07T13:32:06","modified_gmt":"2023-07-07T19:32:06","slug":"protestan-en-imss-por-desaparicion-de-guarderia-en-cardel","status":"publish","type":"post","link":"https:\/\/encuentroinformativo.com.mx\/?p=42625","title":{"rendered":"Protestan en IMSS por desaparici\u00f3n de guarder\u00eda en Cardel"},"content":{"rendered":"\n<p><strong>Juan Arcos <\/strong><\/p>\n\n\n\n<p>Xalapa, Ver.- Padres de familia, educadoras y alumnos protestaron en la cl\u00ednica n\u00famero 11 del Instituto Mexicano del Seguro Social (IMSS), en la ciudad de Xalapa, en rechazo a la desaparici\u00f3n de su guarder\u00eda en Cardel, municipio de La Antigua.<\/p>\n\n\n\n<p>Se trata del Centro de Desarrollo Infantil (CENDI) Papalote, con clave U-0520, donde se quedar\u00edan sin el servicio 98 ni\u00f1as y ni\u00f1os, as\u00ed como tambi\u00e9n, sin empleo m\u00e1s de 30 trabajadores.<\/p>\n\n\n\n<p>De acuerdo con M\u00f3nica Gallegos, madre de dos estudiantes de dicha guarder\u00eda, el pasado 27 de marzo les informaron que a partir del 31 de marzo desaparecer\u00eda el CENDI, despu\u00e9s de 24 a\u00f1os de servicio.<\/p>\n\n\n\n<p>A petici\u00f3n de los tutores y empleados, autoridades del IMSS se comprometieron a iniciar un proceso extraordinario de licitaci\u00f3n para recuperar el espacio y brindar un servicio a los hijos de madres trabajadoras.<\/p>\n\n\n\n<p>Sin embargo, los afectados consideraron que el IMSS pretende eliminar dicha estancia infantil, pues seis personas de la delegaci\u00f3n Veracruz Norte se presentaron en el plantel, con motivo de la licitaci\u00f3n, buscando cualquier pretexto para cerrarla de manera definitiva.<\/p>\n\n\n\n<p>\u201cNos manifestamos en espera de una resoluci\u00f3n a favor de la guarder\u00eda, ya que tuvieron otra licitaci\u00f3n y se cumplen con todos los est\u00e1ndares de protecci\u00f3n civil, tienen un tercer acreditado y protecci\u00f3n civil de Cardel, no vemos por qu\u00e9 seguir la negativa de dar el servicio. Para ellos, la guarder\u00eda tiene tres meses en que no tienen ni un apoyo del IMSS\u201d.<\/p>\n\n\n\n<p>Detall\u00f3 que el encargado de las guarder\u00edas del IMSS en la delegaci\u00f3n Veracruz Norte, H\u00e9ctor Quintanar Garc\u00eda, ha asumido los gastos de operaci\u00f3n del CENDI de Cardel, lo que ha permitido que contin\u00fae funcionando en las \u00faltimas semanas.<\/p>\n\n\n\n<p>Los quejosos mencionaron que esta guarder\u00eda es la \u00fanica en la regi\u00f3n y el municipio que presta el servicio gratuito a padres afiliados al IMSS.<\/p>\n\n\n\n<p>Los manifestantes ingresaron a una reuni\u00f3n con representantes del IMSS para llegar a un acuerdo y plantear que es necesaria la operaci\u00f3n de dicha guarder\u00eda en ciudad Cardel.<\/p>\n\n\n\n<figure class=\"wp-block-image size-large\"><img loading=\"lazy\" decoding=\"async\" width=\"1024\" height=\"768\" src=\"https:\/\/encuentroinformativo.com.mx\/wp-content\/uploads\/2023\/07\/IMG_8295-1024x768.jpg\" alt=\"\" class=\"wp-image-42627\" srcset=\"https:\/\/encuentroinformativo.com.mx\/wp-content\/uploads\/2023\/07\/IMG_8295-1024x768.jpg 1024w, https:\/\/encuentroinformativo.com.mx\/wp-content\/uploads\/2023\/07\/IMG_8295-300x225.jpg 300w, https:\/\/encuentroinformativo.com.mx\/wp-content\/uploads\/2023\/07\/IMG_8295-768x576.jpg 768w, https:\/\/encuentroinformativo.com.mx\/wp-content\/uploads\/2023\/07\/IMG_8295-1536x1152.jpg 1536w, https:\/\/encuentroinformativo.com.mx\/wp-content\/uploads\/2023\/07\/IMG_8295.jpg 2016w\" sizes=\"auto, (max-width: 1024px) 100vw, 1024px\" \/><\/figure>\n","protected":false},"excerpt":{"rendered":"<p>Juan Arcos Xalapa, Ver.- Padres de familia, educadoras y alumnos protestaron en la cl\u00ednica n\u00famero 11 del Instituto Mexicano del Seguro Social (IMSS), en la ciudad de Xalapa, en rechazo a la desaparici\u00f3n de su guarder\u00eda en Cardel, municipio de La Antigua. Se trata del Centro de Desarrollo Infantil (CENDI) Papalote, con clave U-0520, donde [&hellip;]<\/p>\n","protected":false},"author":2476,"featured_media":42626,"comment_status":"open","ping_status":"open","sticky":false,"template":"","format":"standard","meta":{"_jetpack_memberships_contains_paid_content":false,"footnotes":""},"categories":[9],"tags":[],"class_list":["post-42625","post","type-post","status-publish","format-standard","has-post-thumbnail","hentry","category-salud"],"jetpack_featured_media_url":"https:\/\/encuentroinformativo.com.mx\/wp-content\/uploads\/2023\/07\/IMG_8313.jpg","jetpack_sharing_enabled":true,"jetpack_likes_enabled":true,"amp_enabled":true,"_links":{"self":[{"href":"https:\/\/encuentroinformativo.com.mx\/index.php?rest_route=\/wp\/v2\/posts\/42625","targetHints":{"allow":["GET"]}}],"collection":[{"href":"https:\/\/encuentroinformativo.com.mx\/index.php?rest_route=\/wp\/v2\/posts"}],"about":[{"href":"https:\/\/encuentroinformativo.com.mx\/index.php?rest_route=\/wp\/v2\/types\/post"}],"author":[{"embeddable":true,"href":"https:\/\/encuentroinformativo.com.mx\/index.php?rest_route=\/wp\/v2\/users\/2476"}],"replies":[{"embeddable":true,"href":"https:\/\/encuentroinformativo.com.mx\/index.php?rest_route=%2Fwp%2Fv2%2Fcomments&post=42625"}],"version-history":[{"count":1,"href":"https:\/\/encuentroinformativo.com.mx\/index.php?rest_route=\/wp\/v2\/posts\/42625\/revisions"}],"predecessor-version":[{"id":42628,"href":"https:\/\/encuentroinformativo.com.mx\/index.php?rest_route=\/wp\/v2\/posts\/42625\/revisions\/42628"}],"wp:featuredmedia":[{"embeddable":true,"href":"https:\/\/encuentroinformativo.com.mx\/index.php?rest_route=\/wp\/v2\/media\/42626"}],"wp:attachment":[{"href":"https:\/\/encuentroinformativo.com.mx\/index.php?rest_route=%2Fwp%2Fv2%2Fmedia&parent=42625"}],"wp:term":[{"taxonomy":"category","embeddable":true,"href":"https:\/\/encuentroinformativo.com.mx\/index.php?rest_route=%2Fwp%2Fv2%2Fcategories&post=42625"},{"taxonomy":"post_tag","embeddable":true,"href":"https:\/\/encuentroinformativo.com.mx\/index.php?rest_route=%2Fwp%2Fv2%2Ftags&post=42625"}],"curies":[{"name":"wp","href":"https:\/\/api.w.org\/{rel}","templated":true}]}}