{"id":42639,"date":"2023-07-07T22:17:09","date_gmt":"2023-07-08T04:17:09","guid":{"rendered":"https:\/\/encuentroinformativo.com.mx\/?p=42639"},"modified":"2023-07-07T22:17:12","modified_gmt":"2023-07-08T04:17:12","slug":"asegura-beatriz-paredes-que-sera-la-candidata-a-la-presidencia-por-la-oposicion","status":"publish","type":"post","link":"https:\/\/encuentroinformativo.com.mx\/?p=42639","title":{"rendered":"Asegura Beatriz Paredes que ser\u00e1 la candidata a la presidencia por la oposici\u00f3n"},"content":{"rendered":"\n<p><strong>Alejandro \u00c1vila<\/strong><\/p>\n\n\n\n<p>Boca del R\u00edo, Ver.- Beatriz Paredes Rangel, Senadora priista, asegur\u00f3 que conseguir\u00e1 la 150 mil firmas que se requieren para consolidarse como candidata a la presidencia de la rep\u00fablica por el Frente Amplio por M\u00e9xico.<\/p>\n\n\n\n<p>Este viernes por la tarde se reuni\u00f3 con integrantes del Consejo Coordinador Empresarial en conocido hotel del municipio de Boca del R\u00edo, y se dijo contenta de haber elegido a Veracruz como el punto de inicio para su recorrido por el pa\u00eds.<\/p>\n\n\n\n<p>La pri\u00edsta, afirm\u00f3 sentirse segura de sus alianzas en el partido, con el sector campesino y la ciudadan\u00eda.<\/p>\n\n\n\n<p>Adelant\u00f3 que este s\u00e1bado acudir\u00e1 a los tres partidos que conforman la alianza para ratificar su intenci\u00f3n de buscar la candidatura a la presidencia en 2024.<\/p>\n\n\n\n<p>Cuestionada sobre la salida de Miguel \u00c1ngel Osorio Chong, mencion\u00f3 que se trat\u00f3 de una decisi\u00f3n personal, aunque desconoce las razones.<\/p>\n","protected":false},"excerpt":{"rendered":"<p>Alejandro \u00c1vila Boca del R\u00edo, Ver.- Beatriz Paredes Rangel, Senadora priista, asegur\u00f3 que conseguir\u00e1 la 150 mil firmas que se requieren para consolidarse como candidata a la presidencia de la rep\u00fablica por el Frente Amplio por M\u00e9xico. Este viernes por la tarde se reuni\u00f3 con integrantes del Consejo Coordinador Empresarial en conocido hotel del municipio [&hellip;]<\/p>\n","protected":false},"author":2476,"featured_media":42640,"comment_status":"open","ping_status":"open","sticky":false,"template":"","format":"standard","meta":{"_jetpack_memberships_contains_paid_content":false,"footnotes":""},"categories":[2],"tags":[],"class_list":["post-42639","post","type-post","status-publish","format-standard","has-post-thumbnail","hentry","category-estado"],"jetpack_featured_media_url":"https:\/\/encuentroinformativo.com.mx\/wp-content\/uploads\/2023\/07\/IMG-20230707-WA00742.jpg","jetpack_sharing_enabled":true,"jetpack_likes_enabled":true,"amp_enabled":true,"_links":{"self":[{"href":"https:\/\/encuentroinformativo.com.mx\/index.php?rest_route=\/wp\/v2\/posts\/42639","targetHints":{"allow":["GET"]}}],"collection":[{"href":"https:\/\/encuentroinformativo.com.mx\/index.php?rest_route=\/wp\/v2\/posts"}],"about":[{"href":"https:\/\/encuentroinformativo.com.mx\/index.php?rest_route=\/wp\/v2\/types\/post"}],"author":[{"embeddable":true,"href":"https:\/\/encuentroinformativo.com.mx\/index.php?rest_route=\/wp\/v2\/users\/2476"}],"replies":[{"embeddable":true,"href":"https:\/\/encuentroinformativo.com.mx\/index.php?rest_route=%2Fwp%2Fv2%2Fcomments&post=42639"}],"version-history":[{"count":1,"href":"https:\/\/encuentroinformativo.com.mx\/index.php?rest_route=\/wp\/v2\/posts\/42639\/revisions"}],"predecessor-version":[{"id":42641,"href":"https:\/\/encuentroinformativo.com.mx\/index.php?rest_route=\/wp\/v2\/posts\/42639\/revisions\/42641"}],"wp:featuredmedia":[{"embeddable":true,"href":"https:\/\/encuentroinformativo.com.mx\/index.php?rest_route=\/wp\/v2\/media\/42640"}],"wp:attachment":[{"href":"https:\/\/encuentroinformativo.com.mx\/index.php?rest_route=%2Fwp%2Fv2%2Fmedia&parent=42639"}],"wp:term":[{"taxonomy":"category","embeddable":true,"href":"https:\/\/encuentroinformativo.com.mx\/index.php?rest_route=%2Fwp%2Fv2%2Fcategories&post=42639"},{"taxonomy":"post_tag","embeddable":true,"href":"https:\/\/encuentroinformativo.com.mx\/index.php?rest_route=%2Fwp%2Fv2%2Ftags&post=42639"}],"curies":[{"name":"wp","href":"https:\/\/api.w.org\/{rel}","templated":true}]}}