{"id":42642,"date":"2023-07-08T13:47:34","date_gmt":"2023-07-08T19:47:34","guid":{"rendered":"https:\/\/encuentroinformativo.com.mx\/?p=42642"},"modified":"2023-07-08T13:47:38","modified_gmt":"2023-07-08T19:47:38","slug":"que-siga-lopez","status":"publish","type":"post","link":"https:\/\/encuentroinformativo.com.mx\/?p=42642","title":{"rendered":"QUE SIGA L\u00d3PEZ"},"content":{"rendered":"\n<p><strong>N\u00fameros Rojos<\/strong><\/p>\n\n\n\n<p><strong>Brenda Caballero<\/strong><\/p>\n\n\n\n<p>Si de \u201ccorcholatas\u201d se trata, pues nada m\u00e1s me dicen rana y salto para donde anden. Por eso, ahora que vino la corcholata \u201cMayor\u201d, y no me refiero a L\u00f3pez Obrador, sino al otro L\u00f3pez, Ad\u00e1n Augusto, pues que me jalo para el Parque Ju\u00e1rez, pues despu\u00e9s de la entrevista a Fernandez Noro\u00f1a\u2026 \u201c\u00a1que siga L\u00f3pez!\u201d <\/p>\n\n\n\n<p>Ustedes perdonen, pero no dejo de emocionarme al \u201centrevistar\u201d a un candidato a Coordinador Nacional para la defensa de la 4T. Claro, los malquerientes de Morena dir\u00e1n que andan en precampa\u00f1a.Y all\u00ed me tiene con mi chaleco vino y mis pantalones caqui, \u201cbien Augusto\u201d a la espera de que llegara \u201cel hermano\u201d del Presidente, c\u00f3mo \u00e9l mismo lo ha llamado.-\u00a1Don Ad\u00e1n, don Ad\u00e1n! \u00bfPodr\u00eda concederme una entrevista?<\/p>\n\n\n\n<p>-Dijculpa, entrevijtas ya di!<\/p>\n\n\n\n<p>-Ya s\u00e9 que usted rechaz\u00f3 hasta los 5 millones que le dieron, \u00a1pero no me rechace!-\u00bfPor qu\u00e9 no fuijte a la gira?<\/p>\n\n\n\n<p>-La verdad no ten\u00eda recursos, lana, money, para ir, y pues ni \u201crait\u201d ni aventones me dieron. \u00a1Vaya! Ni el avi\u00f3n militar me prestaron.<\/p>\n\n\n\n<p>-Pues hajle como yo, \u201ccon tus propios recursos\u201d\u2026-\u00bfCon \u00e9sos compr\u00f3 sus relojes de a mill\u00f3n y hasta la jirafa?<\/p>\n\n\n\n<p>-\u00bfQu\u00e9 dijijte? \u00a1Ya vi que quieres dejcarrilarme como mis opojitores!. \u00a1No quieres que jiga la Cuarta Transformaci\u00f3n!, reportera fif\u00ed.<\/p>\n\n\n\n<p>-\u00a1No se vaya! \u00a1No se enoje! Si yo estoy bien Augusto con Usted. Mejor d\u00edgame, \u00bfC\u00f3mo le hace para comer con 75 pesos?-Puej me com\u00ed una torta de 65 \u00a0y un taco de papas de 10 pejos.-Ya ve, es muy importante esta entrevista, pues sus malquerientes dicen que se comi\u00f3 una torta de 26.-\u00a1Ahora ji! \u00a1Esto se acab\u00f3!\u00a0-Mejor d\u00edgame c\u00f3mo se la baj\u00f3.<\/p>\n\n\n\n<p>\u00a0-\u00bfLa torta?-\u00a1Pues s\u00ed!&#8230; La torta y el taco. \u00bfPues de qui\u00e9n me habla usted?-Ahhh penj\u00e9 que eraj \u201cfuego amigo\u201d\u2026-\u00a1Qu\u00e9 va! \u00a1Yo quisiera comer a mis horas\u2026 y con 75 pesos!-\u00a1Pues ahorra! Ejo hije yo, por ejo recorro el pa\u00edj con mi dinero.-Ya quisiera que me alcanzara para ahorrar. Pero, \u00bfno quiere ser usted mi sugar daddy?<\/p>\n\n\n\n<p>-\u00bfQu\u00e9 dijiste?<\/p>\n\n\n\n<p>-Que me gust\u00f3 su consigna \u201cNi el agua ni el viento, detienen este movimiento\u201d, pero me queda la duda \u00bfes verdad que el Presidente Andr\u00e9s Manuel est\u00e1 enojado con usted y lo bajar\u00e1 de la contienda? \u00bfPor eso ya cambi\u00f3 su slogan de Que siga L\u00f3pez a Ahora es Ad\u00e1n Augusto?<\/p>\n\n\n\n<p>-Adioj reportera hip\u00f3crita, no tengo que ejplicarte nada a ti, sino al pueblo.<\/p>\n\n\n\n<p>*Entrevista ficticia con la \u00fanica intenci\u00f3n de devolverle al Pueblo la emoci\u00f3n del humor y la risa.<br><a rel=\"noreferrer noopener\" href=\"mailto:correo%3Acaballero_brenda@hotmail.com\" target=\"_blank\">correo:caballero_brenda@hotmail.com<\/a><\/p>\n\n\n\n<p>Twitter: @NumerosRojos_BC<\/p>\n","protected":false},"excerpt":{"rendered":"<p>N\u00fameros Rojos Brenda Caballero Si de \u201ccorcholatas\u201d se trata, pues nada m\u00e1s me dicen rana y salto para donde anden. Por eso, ahora que vino la corcholata \u201cMayor\u201d, y no me refiero a L\u00f3pez Obrador, sino al otro L\u00f3pez, Ad\u00e1n Augusto, pues que me jalo para el Parque Ju\u00e1rez, pues despu\u00e9s de la entrevista a [&hellip;]<\/p>\n","protected":false},"author":2476,"featured_media":387,"comment_status":"open","ping_status":"open","sticky":false,"template":"","format":"standard","meta":{"_jetpack_memberships_contains_paid_content":false,"footnotes":""},"categories":[11],"tags":[],"class_list":["post-42642","post","type-post","status-publish","format-standard","has-post-thumbnail","hentry","category-opinion"],"jetpack_featured_media_url":"https:\/\/encuentroinformativo.com.mx\/wp-content\/uploads\/2020\/03\/7CF8A22B-2764-47BE-8F7F-38FE9E5D6A2F.jpeg","jetpack_sharing_enabled":true,"jetpack_likes_enabled":true,"amp_enabled":true,"_links":{"self":[{"href":"https:\/\/encuentroinformativo.com.mx\/index.php?rest_route=\/wp\/v2\/posts\/42642","targetHints":{"allow":["GET"]}}],"collection":[{"href":"https:\/\/encuentroinformativo.com.mx\/index.php?rest_route=\/wp\/v2\/posts"}],"about":[{"href":"https:\/\/encuentroinformativo.com.mx\/index.php?rest_route=\/wp\/v2\/types\/post"}],"author":[{"embeddable":true,"href":"https:\/\/encuentroinformativo.com.mx\/index.php?rest_route=\/wp\/v2\/users\/2476"}],"replies":[{"embeddable":true,"href":"https:\/\/encuentroinformativo.com.mx\/index.php?rest_route=%2Fwp%2Fv2%2Fcomments&post=42642"}],"version-history":[{"count":1,"href":"https:\/\/encuentroinformativo.com.mx\/index.php?rest_route=\/wp\/v2\/posts\/42642\/revisions"}],"predecessor-version":[{"id":42643,"href":"https:\/\/encuentroinformativo.com.mx\/index.php?rest_route=\/wp\/v2\/posts\/42642\/revisions\/42643"}],"wp:featuredmedia":[{"embeddable":true,"href":"https:\/\/encuentroinformativo.com.mx\/index.php?rest_route=\/wp\/v2\/media\/387"}],"wp:attachment":[{"href":"https:\/\/encuentroinformativo.com.mx\/index.php?rest_route=%2Fwp%2Fv2%2Fmedia&parent=42642"}],"wp:term":[{"taxonomy":"category","embeddable":true,"href":"https:\/\/encuentroinformativo.com.mx\/index.php?rest_route=%2Fwp%2Fv2%2Fcategories&post=42642"},{"taxonomy":"post_tag","embeddable":true,"href":"https:\/\/encuentroinformativo.com.mx\/index.php?rest_route=%2Fwp%2Fv2%2Ftags&post=42642"}],"curies":[{"name":"wp","href":"https:\/\/api.w.org\/{rel}","templated":true}]}}