{"id":42664,"date":"2023-07-10T11:45:04","date_gmt":"2023-07-10T17:45:04","guid":{"rendered":"https:\/\/encuentroinformativo.com.mx\/?p=42664"},"modified":"2023-07-10T11:45:08","modified_gmt":"2023-07-10T17:45:08","slug":"manejo-de-residuos-solidos-problema-en-veracruz-senalan-ambientalistas","status":"publish","type":"post","link":"https:\/\/encuentroinformativo.com.mx\/?p=42664","title":{"rendered":"Manejo de residuos s\u00f3lidos problema en Veracruz, se\u00f1alan ambientalistas"},"content":{"rendered":"\n<p><strong>Juan Arcos <\/strong><\/p>\n\n\n\n<p>Xalapa, Ver.- En el estado de Veracruz contin\u00faa siendo un problema el manejo comunitario de los residuos s\u00f3lidos urbanos, pues a\u00fan hay basureros clandestinos que contaminan el entorno ecol\u00f3gico.<\/p>\n\n\n\n<p>As\u00ed lo dio a conocer el integrante de La Asamblea Veracruzana de Iniciativas y Defensa Ambiental (Lavida), Emilio Rodr\u00edguez Almaz\u00e1n, quien adem\u00e1s record\u00f3 que el pueblo de Amatl\u00e1n de los Reyes se organiz\u00f3 y evit\u00f3 la instalaci\u00f3n de un \u201cbasurero\u201d en un predio de C\u00f3rdoba, cerca de zonas habitacionales y escuelas.<\/p>\n\n\n\n<p>La gente se opuso al centro de transferencia de residuos s\u00f3lidos urbanos y logr\u00f3 que la Secretar\u00eda de Medio Ambiente (Sedema) evaluara la manifestaci\u00f3n de impacto ambiental y emitiera un resolutivo como \u201cTr\u00e1mite Abandonado y Concluido\u201d, por lo que el proyecto no se llevar\u00eda a cabo.<\/p>\n\n\n\n<p>\u201cComo siempre invitamos a transformar esta digna rabia de manera positiva en favor del pueblo de Amatl\u00e1n y coadyuvar con las autoridades correspondientes en el manejo comunitario de los residuos\u201d, expres\u00f3 Rodr\u00edguez Almaz\u00e1n.<\/p>\n\n\n\n<p>El ambientalista destac\u00f3 la importancia de que los pueblos se sumen a la lucha social para detener proyectos que contemplen la instalaci\u00f3n de basureros en la entidad veracruzana.<\/p>\n\n\n\n<p>\u201cRecordemos que este sigue siendo un problema, no solo de Amatl\u00e1n, no solo de C\u00f3rdoba, sino de todo el estado de Veracruz\u201d, enfatiz\u00f3.<\/p>\n\n\n\n<p>Emilio Rodr\u00edguez mencion\u00f3 que la ciudadan\u00eda debe involucrarse y defender la naturaleza de estos proyectos que son perjudiciales para las comunidades por la contaminaci\u00f3n que generan.<\/p>\n\n\n\n<p>\u201cEs muy importante que la ciudadan\u00eda hagamos lo que nos toca, tomemos nuestros derechos y obligaciones en las manos y resolvamos lo que no nos va a resolver el gobierno, que es tener municipios, pueblos limpios\u201d, insisti\u00f3 el activista.<\/p>\n\n\n\n<p>A inicios de este a\u00f1o, la Procuradur\u00eda Estatal de Protecci\u00f3n al Ambiente (PMA) report\u00f3 que hay 119 basureros clandestinos en distintas zonas de la entidad, mismos que contaminan e infringen las normas oficiales mexicanas, sobre todo la 083-Semarnat-2003, que establece las especificaciones de protecci\u00f3n ambiental para la selecci\u00f3n del sitio, dise\u00f1o, construcci\u00f3n, operaci\u00f3n, monitoreo, clausura y obras complementarias de un sitio de disposici\u00f3n final de residuos s\u00f3lidos urbanos y de manejo especial.<\/p>\n","protected":false},"excerpt":{"rendered":"<p>Juan Arcos Xalapa, Ver.- En el estado de Veracruz contin\u00faa siendo un problema el manejo comunitario de los residuos s\u00f3lidos urbanos, pues a\u00fan hay basureros clandestinos que contaminan el entorno ecol\u00f3gico. As\u00ed lo dio a conocer el integrante de La Asamblea Veracruzana de Iniciativas y Defensa Ambiental (Lavida), Emilio Rodr\u00edguez Almaz\u00e1n, quien adem\u00e1s record\u00f3 que [&hellip;]<\/p>\n","protected":false},"author":2476,"featured_media":42665,"comment_status":"open","ping_status":"open","sticky":false,"template":"","format":"standard","meta":{"_jetpack_memberships_contains_paid_content":false,"footnotes":""},"categories":[2],"tags":[],"class_list":["post-42664","post","type-post","status-publish","format-standard","has-post-thumbnail","hentry","category-estado"],"jetpack_featured_media_url":"https:\/\/encuentroinformativo.com.mx\/wp-content\/uploads\/2023\/07\/IMG_8549.jpg","jetpack_sharing_enabled":true,"jetpack_likes_enabled":true,"amp_enabled":true,"_links":{"self":[{"href":"https:\/\/encuentroinformativo.com.mx\/index.php?rest_route=\/wp\/v2\/posts\/42664","targetHints":{"allow":["GET"]}}],"collection":[{"href":"https:\/\/encuentroinformativo.com.mx\/index.php?rest_route=\/wp\/v2\/posts"}],"about":[{"href":"https:\/\/encuentroinformativo.com.mx\/index.php?rest_route=\/wp\/v2\/types\/post"}],"author":[{"embeddable":true,"href":"https:\/\/encuentroinformativo.com.mx\/index.php?rest_route=\/wp\/v2\/users\/2476"}],"replies":[{"embeddable":true,"href":"https:\/\/encuentroinformativo.com.mx\/index.php?rest_route=%2Fwp%2Fv2%2Fcomments&post=42664"}],"version-history":[{"count":1,"href":"https:\/\/encuentroinformativo.com.mx\/index.php?rest_route=\/wp\/v2\/posts\/42664\/revisions"}],"predecessor-version":[{"id":42666,"href":"https:\/\/encuentroinformativo.com.mx\/index.php?rest_route=\/wp\/v2\/posts\/42664\/revisions\/42666"}],"wp:featuredmedia":[{"embeddable":true,"href":"https:\/\/encuentroinformativo.com.mx\/index.php?rest_route=\/wp\/v2\/media\/42665"}],"wp:attachment":[{"href":"https:\/\/encuentroinformativo.com.mx\/index.php?rest_route=%2Fwp%2Fv2%2Fmedia&parent=42664"}],"wp:term":[{"taxonomy":"category","embeddable":true,"href":"https:\/\/encuentroinformativo.com.mx\/index.php?rest_route=%2Fwp%2Fv2%2Fcategories&post=42664"},{"taxonomy":"post_tag","embeddable":true,"href":"https:\/\/encuentroinformativo.com.mx\/index.php?rest_route=%2Fwp%2Fv2%2Ftags&post=42664"}],"curies":[{"name":"wp","href":"https:\/\/api.w.org\/{rel}","templated":true}]}}