{"id":42670,"date":"2023-07-10T13:23:27","date_gmt":"2023-07-10T19:23:27","guid":{"rendered":"https:\/\/encuentroinformativo.com.mx\/?p=42670"},"modified":"2023-07-10T13:23:31","modified_gmt":"2023-07-10T19:23:31","slug":"alertan-cafetaleros-en-riesgo-de-desaparecer-cultivo-arabico","status":"publish","type":"post","link":"https:\/\/encuentroinformativo.com.mx\/?p=42670","title":{"rendered":"Alertan cafetaleros, en riesgo de desaparecer cultivo ar\u00e1bico"},"content":{"rendered":"\n<p><strong>Juan Arcos <\/strong><\/p>\n\n\n\n<p>Xalapa, Ver.- El cultivo de caf\u00e9 ar\u00e1bica est\u00e1 a punto de desaparecer en el pa\u00eds, debido al desplazamiento por parte del robusta, alert\u00f3 el secretario del Consejo Regional del Caf\u00e9 de Coatepec, Cirilo Elotl\u00e1n D\u00edaz.<\/p>\n\n\n\n<p>Un grupo de cafetaleros protest\u00f3 frente a Palacio de Gobierno, en la ciudad de Xalapa, donde denunciaron que la tendencia nacional es la extinci\u00f3n del caf\u00e9 ar\u00e1bica, para invadir su superficie con cultivos de robusta.<\/p>\n\n\n\n<p>El l\u00edder cafetalero se\u00f1al\u00f3 que el robusta genera mayor ganancia para las empresas transnacionales, pero esta situaci\u00f3n genera una grave crisis entre los peque\u00f1os productores.<\/p>\n\n\n\n<p>\u201cLa tendencia es que desaparezcan los ar\u00e1bicas para invadir la superficie de caf\u00e9s con cares robustas porque eso es lo que deja mayor ganancia no para los productores sino para estas grandes empresas\u201d.<\/p>\n\n\n\n<p>La cosecha 2023-2024 iniciar\u00e1 a partir de octubre, noviembre y diciembre pr\u00f3ximo, dependiendo de las condiciones de cada regi\u00f3n cafetalera.<\/p>\n\n\n\n<p>Elotl\u00e1n D\u00edaz enfatiz\u00f3 que este lunes 10 de julio se marcar\u00eda el inicio de una serie de acciones para la defensa del caf\u00e9 ar\u00e1bica y exigir la intervenci\u00f3n de los organismos internacionales para que regulen esta situaci\u00f3n.<\/p>\n\n\n\n<p>A m\u00e1s tardar en un mes, se determinar\u00e1 la fecha para realizar una caravana a las instalaciones de la Comisi\u00f3n Nacional de Derechos Humanos (CNDH), en la Ciudad de M\u00e9xico, y manifestarse para que sean defendidos los derechos de los productores.<\/p>\n\n\n\n<p>\u201cPorque entonces para qu\u00e9 existen estos organismos si no act\u00faan en defensa de la sociedad, hoy por hoy nos ha quedado claro que el mercado tiene secuestrado al Estado, es decir, que no hay poder ni del gobierno del estado ni del gobierno federal que pare las pol\u00edticas de este comercio globalizado\u201d, enfatiz\u00f3 Elotl\u00e1n D\u00edaz.<\/p>\n","protected":false},"excerpt":{"rendered":"<p>Juan Arcos Xalapa, Ver.- El cultivo de caf\u00e9 ar\u00e1bica est\u00e1 a punto de desaparecer en el pa\u00eds, debido al desplazamiento por parte del robusta, alert\u00f3 el secretario del Consejo Regional del Caf\u00e9 de Coatepec, Cirilo Elotl\u00e1n D\u00edaz. Un grupo de cafetaleros protest\u00f3 frente a Palacio de Gobierno, en la ciudad de Xalapa, donde denunciaron que [&hellip;]<\/p>\n","protected":false},"author":2476,"featured_media":42671,"comment_status":"open","ping_status":"open","sticky":false,"template":"","format":"standard","meta":{"_jetpack_memberships_contains_paid_content":false,"footnotes":""},"categories":[8],"tags":[],"class_list":["post-42670","post","type-post","status-publish","format-standard","has-post-thumbnail","hentry","category-region"],"jetpack_featured_media_url":"https:\/\/encuentroinformativo.com.mx\/wp-content\/uploads\/2023\/07\/IMG_8560.jpg","jetpack_sharing_enabled":true,"jetpack_likes_enabled":true,"amp_enabled":true,"_links":{"self":[{"href":"https:\/\/encuentroinformativo.com.mx\/index.php?rest_route=\/wp\/v2\/posts\/42670","targetHints":{"allow":["GET"]}}],"collection":[{"href":"https:\/\/encuentroinformativo.com.mx\/index.php?rest_route=\/wp\/v2\/posts"}],"about":[{"href":"https:\/\/encuentroinformativo.com.mx\/index.php?rest_route=\/wp\/v2\/types\/post"}],"author":[{"embeddable":true,"href":"https:\/\/encuentroinformativo.com.mx\/index.php?rest_route=\/wp\/v2\/users\/2476"}],"replies":[{"embeddable":true,"href":"https:\/\/encuentroinformativo.com.mx\/index.php?rest_route=%2Fwp%2Fv2%2Fcomments&post=42670"}],"version-history":[{"count":1,"href":"https:\/\/encuentroinformativo.com.mx\/index.php?rest_route=\/wp\/v2\/posts\/42670\/revisions"}],"predecessor-version":[{"id":42672,"href":"https:\/\/encuentroinformativo.com.mx\/index.php?rest_route=\/wp\/v2\/posts\/42670\/revisions\/42672"}],"wp:featuredmedia":[{"embeddable":true,"href":"https:\/\/encuentroinformativo.com.mx\/index.php?rest_route=\/wp\/v2\/media\/42671"}],"wp:attachment":[{"href":"https:\/\/encuentroinformativo.com.mx\/index.php?rest_route=%2Fwp%2Fv2%2Fmedia&parent=42670"}],"wp:term":[{"taxonomy":"category","embeddable":true,"href":"https:\/\/encuentroinformativo.com.mx\/index.php?rest_route=%2Fwp%2Fv2%2Fcategories&post=42670"},{"taxonomy":"post_tag","embeddable":true,"href":"https:\/\/encuentroinformativo.com.mx\/index.php?rest_route=%2Fwp%2Fv2%2Ftags&post=42670"}],"curies":[{"name":"wp","href":"https:\/\/api.w.org\/{rel}","templated":true}]}}