{"id":42679,"date":"2023-07-10T13:51:47","date_gmt":"2023-07-10T19:51:47","guid":{"rendered":"https:\/\/encuentroinformativo.com.mx\/?p=42679"},"modified":"2023-07-10T13:51:51","modified_gmt":"2023-07-10T19:51:51","slug":"reiteran-productores-piden-que-amsa-desista-de-demanda-contra-cafetaleros","status":"publish","type":"post","link":"https:\/\/encuentroinformativo.com.mx\/?p=42679","title":{"rendered":"Reiteran productores, piden que AMSA desista de demanda contra cafetaleros"},"content":{"rendered":"\n<p><strong>Juan Arcos <\/strong><\/p>\n\n\n\n<p>Xalapa, Ver.- Los cafetaleros de Veracruz exigieron a la empresa Agroindustrias Unidas de M\u00e9xico (AMSA) que desistan de la demanda contra sus compa\u00f1eros por presuntos da\u00f1os en su beneficio del municipio de Ixhuatl\u00e1n del Caf\u00e9, en enero de 2022.<\/p>\n\n\n\n<p>Fernando Celis Callejas, asesor general de la Coordinadora Nacional de Organizaciones Cafetaleras (CNOC), record\u00f3 que cinco cafetaleros hab\u00edan sido detenidos y s\u00f3lo tres obtuvieron su libertad.<\/p>\n\n\n\n<p>El pasado 28 de junio, gracias a un amparo federal, tres de los cinco cafetaleros fueron liberados del penal de La Toma, en el municipio de Amatl\u00e1n de los Reyes, ubicado en la zona centro del estado de Veracruz.<\/p>\n\n\n\n<p>Sin embargo, Crisanto y Viridiana Bret\u00f3n, exalcaldesa de Ixhuatl\u00e1n del Caf\u00e9, contin\u00faan en prisi\u00f3n por los se\u00f1alamientos de la empresa transnacional, debido a que en la protesta de cafetaleros, en enero de 2022, se registr\u00f3 un incendio, que seg\u00fan la compa\u00f1\u00eda ocasionaron los manifestantes, da\u00f1ando parte del beneficio de caf\u00e9.<\/p>\n\n\n\n<p>&#8220;Ah\u00ed est\u00e1 la declaraci\u00f3n de los familiares, quieren que se aplique el mismo criterio, si ya salieron tres, tienen que salir los cinco. Queremos que ECOM-AMSA se desista de la demanda, no tiene sustento esa demanda\u201d.<\/p>\n\n\n\n<p>Celis Callejas record\u00f3 tambi\u00e9n que hay otras cuatro \u00f3rdenes de aprehensi\u00f3n contra productores de caf\u00e9 por los se\u00f1alamientos de la empresa AMSA en su contra, quienes se ocultan para evitar su detenci\u00f3n.<\/p>\n\n\n\n<p>\u201cEllos siguen escondi\u00e9ndose porque los pueden agarrar en cualquier rato. Es una situaci\u00f3n dif\u00edcil, hay dos detenidos y cuatro que tienen orden de aprehensi\u00f3n. Si salen de prisi\u00f3n sigue el juicio, lo que nosotros queremos es que se acabe ya el juicio, pero hay mucha resistencia de grupos en M\u00e9xico apoyando a esa empresa\u201d.<\/p>\n\n\n\n<p>Insisti\u00f3 en que para resolverse de fondo el problema, la empresa AMSA debe desistirse de la demanda por estragos contra los cafetaleros, debido a que \u00e9sta no tiene sustento y presuntamente fueron presentadas pruebas falsas para incriminar a los productores que se manifestaban para exigir mejores precios del caf\u00e9.<\/p>\n","protected":false},"excerpt":{"rendered":"<p>Juan Arcos Xalapa, Ver.- Los cafetaleros de Veracruz exigieron a la empresa Agroindustrias Unidas de M\u00e9xico (AMSA) que desistan de la demanda contra sus compa\u00f1eros por presuntos da\u00f1os en su beneficio del municipio de Ixhuatl\u00e1n del Caf\u00e9, en enero de 2022. Fernando Celis Callejas, asesor general de la Coordinadora Nacional de Organizaciones Cafetaleras (CNOC), record\u00f3 [&hellip;]<\/p>\n","protected":false},"author":2476,"featured_media":42680,"comment_status":"open","ping_status":"open","sticky":false,"template":"","format":"standard","meta":{"_jetpack_memberships_contains_paid_content":false,"footnotes":""},"categories":[2],"tags":[],"class_list":["post-42679","post","type-post","status-publish","format-standard","has-post-thumbnail","hentry","category-estado"],"jetpack_featured_media_url":"https:\/\/encuentroinformativo.com.mx\/wp-content\/uploads\/2023\/07\/IMG_8592.jpg","jetpack_sharing_enabled":true,"jetpack_likes_enabled":true,"amp_enabled":true,"_links":{"self":[{"href":"https:\/\/encuentroinformativo.com.mx\/index.php?rest_route=\/wp\/v2\/posts\/42679","targetHints":{"allow":["GET"]}}],"collection":[{"href":"https:\/\/encuentroinformativo.com.mx\/index.php?rest_route=\/wp\/v2\/posts"}],"about":[{"href":"https:\/\/encuentroinformativo.com.mx\/index.php?rest_route=\/wp\/v2\/types\/post"}],"author":[{"embeddable":true,"href":"https:\/\/encuentroinformativo.com.mx\/index.php?rest_route=\/wp\/v2\/users\/2476"}],"replies":[{"embeddable":true,"href":"https:\/\/encuentroinformativo.com.mx\/index.php?rest_route=%2Fwp%2Fv2%2Fcomments&post=42679"}],"version-history":[{"count":1,"href":"https:\/\/encuentroinformativo.com.mx\/index.php?rest_route=\/wp\/v2\/posts\/42679\/revisions"}],"predecessor-version":[{"id":42681,"href":"https:\/\/encuentroinformativo.com.mx\/index.php?rest_route=\/wp\/v2\/posts\/42679\/revisions\/42681"}],"wp:featuredmedia":[{"embeddable":true,"href":"https:\/\/encuentroinformativo.com.mx\/index.php?rest_route=\/wp\/v2\/media\/42680"}],"wp:attachment":[{"href":"https:\/\/encuentroinformativo.com.mx\/index.php?rest_route=%2Fwp%2Fv2%2Fmedia&parent=42679"}],"wp:term":[{"taxonomy":"category","embeddable":true,"href":"https:\/\/encuentroinformativo.com.mx\/index.php?rest_route=%2Fwp%2Fv2%2Fcategories&post=42679"},{"taxonomy":"post_tag","embeddable":true,"href":"https:\/\/encuentroinformativo.com.mx\/index.php?rest_route=%2Fwp%2Fv2%2Ftags&post=42679"}],"curies":[{"name":"wp","href":"https:\/\/api.w.org\/{rel}","templated":true}]}}