{"id":42688,"date":"2023-07-10T14:12:12","date_gmt":"2023-07-10T20:12:12","guid":{"rendered":"https:\/\/encuentroinformativo.com.mx\/?p=42688"},"modified":"2023-07-10T14:12:16","modified_gmt":"2023-07-10T20:12:16","slug":"presentan-cartelera-artistica-para-fiestas-de-santa-ana","status":"publish","type":"post","link":"https:\/\/encuentroinformativo.com.mx\/?p=42688","title":{"rendered":"Presentan cartelera art\u00edstica para fiestas de Santa Ana"},"content":{"rendered":"\n<p><strong>Alejandro \u00c1vila<\/strong><\/p>\n\n\n\n<p>Boca del R\u00edo, Ver.- Este lunes por la ma\u00f1ana el alcalde, Juan Manuel Unanue Abascal, present\u00f3 la cartelera art\u00edstica, deportivas y culturales de las fiestas patronales en honor de virgen de Santa Ana, en su edici\u00f3n 2023.<\/p>\n\n\n\n<p>El jueves 27 de julio se presentar\u00e1 el salsero, David Zahan, imitador oficial del puertorrique\u00f1o, Frankie Ruiz; el viernes 28 de julio estar\u00e1 el vocalista de banda, &#8220;El Mimoso&#8221;; los padrinos de &#8220;El Ba\u00f1o&#8221; el s\u00e1bado 29 de julio, ser\u00e1n la actriz y cantante grupera, Ivonne Montero, adem\u00e1s del tecladista, Mario Polo; ese mismo d\u00eda por la noche se presentar\u00e1, La Arrolladora Banda Lim\u00f3n; finalmente, el domingo 30 de julio, el cierre musical estar\u00e1 a cargo de, Junior Klan.<\/p>\n\n\n\n<p>&#8220;Este a\u00f1o cumplimos 35 a\u00f1os de haber conseguido el t\u00edtulo de ciudad, un reconocimiento al trabajo y esfuerzo de todas las familias que han vivido en este municipio, donde gracias a su empuje, en poco tiempo Boca del R\u00edo se consolid\u00f3 como la mejor ciudad de Veracruz, por eso cobra relevancia la celebraci\u00f3n de este a\u00f1o en honor a Nuestra Se\u00f1ora de Santa Ana, ya que es el momento oportuno para recordar la herencia de muchas personas que a lo largo de su vida dieron a esta zona del estado, la fama que hoy tiene como un lugar imprescindible, gracias a su hospitalidad, su gastronom\u00eda y sobre todo sus tradiciones&#8221;, destac\u00f3 el presidente municipal.<\/p>\n\n\n\n<p>Es de mencionar que, el jueves 27 de julio se coronar\u00e1 a, Karla Roxanne Gonz\u00e1lez Mojica, como Doncella del Mar; y a Guillermo Rafael Mu\u00f1oz, como Trit\u00f3n; la ni\u00f1a que ser\u00e1 coronada como Florecita del Mar ser\u00e1 designada en pr\u00f3ximos d\u00edas.<\/p>\n\n\n\n<p>&#8220;En este 2023 hemos decidido reconocer a la comunidad de pescadores de Boca del R\u00edo, ya que fueron ellos quienes iniciaran con la tradici\u00f3n de rendir un homenaje a a\u00f1o con a\u00f1o a Nuestra Se\u00f1ora de Santa Ana, es as\u00ed que la imagen gr\u00e1fica de nuestras fiestas este a\u00f1o, refleja el esfuerzo y la determinaci\u00f3n de la comunidad de pescadores, ya que ellos dan sustento a su familia y aportan productos del mar a nuestra deliciosa gastronom\u00eda, por eso quisimos reconocerlos como la imagen central de nuestras fiestas patronales&#8221;, culmin\u00f3, Juan Manuel Unanue Abascal.<\/p>\n","protected":false},"excerpt":{"rendered":"<p>Alejandro \u00c1vila Boca del R\u00edo, Ver.- Este lunes por la ma\u00f1ana el alcalde, Juan Manuel Unanue Abascal, present\u00f3 la cartelera art\u00edstica, deportivas y culturales de las fiestas patronales en honor de virgen de Santa Ana, en su edici\u00f3n 2023. El jueves 27 de julio se presentar\u00e1 el salsero, David Zahan, imitador oficial del puertorrique\u00f1o, Frankie [&hellip;]<\/p>\n","protected":false},"author":2476,"featured_media":42689,"comment_status":"open","ping_status":"open","sticky":false,"template":"","format":"standard","meta":{"_jetpack_memberships_contains_paid_content":false,"footnotes":""},"categories":[2],"tags":[],"class_list":["post-42688","post","type-post","status-publish","format-standard","has-post-thumbnail","hentry","category-estado"],"jetpack_featured_media_url":"https:\/\/encuentroinformativo.com.mx\/wp-content\/uploads\/2023\/07\/IMG-20230710-WA00562.jpg","jetpack_sharing_enabled":true,"jetpack_likes_enabled":true,"amp_enabled":true,"_links":{"self":[{"href":"https:\/\/encuentroinformativo.com.mx\/index.php?rest_route=\/wp\/v2\/posts\/42688","targetHints":{"allow":["GET"]}}],"collection":[{"href":"https:\/\/encuentroinformativo.com.mx\/index.php?rest_route=\/wp\/v2\/posts"}],"about":[{"href":"https:\/\/encuentroinformativo.com.mx\/index.php?rest_route=\/wp\/v2\/types\/post"}],"author":[{"embeddable":true,"href":"https:\/\/encuentroinformativo.com.mx\/index.php?rest_route=\/wp\/v2\/users\/2476"}],"replies":[{"embeddable":true,"href":"https:\/\/encuentroinformativo.com.mx\/index.php?rest_route=%2Fwp%2Fv2%2Fcomments&post=42688"}],"version-history":[{"count":1,"href":"https:\/\/encuentroinformativo.com.mx\/index.php?rest_route=\/wp\/v2\/posts\/42688\/revisions"}],"predecessor-version":[{"id":42690,"href":"https:\/\/encuentroinformativo.com.mx\/index.php?rest_route=\/wp\/v2\/posts\/42688\/revisions\/42690"}],"wp:featuredmedia":[{"embeddable":true,"href":"https:\/\/encuentroinformativo.com.mx\/index.php?rest_route=\/wp\/v2\/media\/42689"}],"wp:attachment":[{"href":"https:\/\/encuentroinformativo.com.mx\/index.php?rest_route=%2Fwp%2Fv2%2Fmedia&parent=42688"}],"wp:term":[{"taxonomy":"category","embeddable":true,"href":"https:\/\/encuentroinformativo.com.mx\/index.php?rest_route=%2Fwp%2Fv2%2Fcategories&post=42688"},{"taxonomy":"post_tag","embeddable":true,"href":"https:\/\/encuentroinformativo.com.mx\/index.php?rest_route=%2Fwp%2Fv2%2Ftags&post=42688"}],"curies":[{"name":"wp","href":"https:\/\/api.w.org\/{rel}","templated":true}]}}