{"id":42694,"date":"2023-07-10T15:51:53","date_gmt":"2023-07-10T21:51:53","guid":{"rendered":"https:\/\/encuentroinformativo.com.mx\/?p=42694"},"modified":"2023-07-10T15:51:57","modified_gmt":"2023-07-10T21:51:57","slug":"ataque-en-bar-de-poza-rica-deja-dos-hombres-muertos","status":"publish","type":"post","link":"https:\/\/encuentroinformativo.com.mx\/?p=42694","title":{"rendered":"Ataque en bar de Poza Rica, deja dos hombres muertos"},"content":{"rendered":"\n<p><strong>Juan Arcos <\/strong><\/p>\n\n\n\n<p>Xalapa, Ver.- Dos personas fueron ejecutadas y otra result\u00f3 herida durante un atentado en el bar \u201cLa Preferida\u201d, que es conocido en la ciudad petrolera de Poza Rica, en la zona norte del estado de Veracruz, donde persiste la ola de violencia, pese a las acciones de seguridad coordinadas entre los tres niveles de gobierno.<\/p>\n\n\n\n<p>Esto ocurri\u00f3 despu\u00e9s de las nueve de la noche del domingo 9 de julio, donde los pobladores reportaron al n\u00famero de emergencias 911 varias detonaciones de arma de fuego, por lo que se despleg\u00f3 un fuerte operativo en la zona.<\/p>\n\n\n\n<p>Se habla del tercer atentado en la cantina \u201cLa Preferida\u201c registrado durante los \u00faltimos tres meses, misma que se encuentra sobre la calle Mariano Abasolo, esquina con Andr\u00e9s Quintana Roo, en la colonia Ricardo Flores Mag\u00f3n.<\/p>\n\n\n\n<p>En esta ocasi\u00f3n, fueron asesinados a balazos el due\u00f1o del bar y su cajero, situaci\u00f3n que deton\u00f3 el p\u00e1nico entre los habitantes de Poza Rica, donde algunos comerciantes decidieron cerrar sus negocios por temor a ser v\u00edctimas de alg\u00fan delito.<br>Al sitio arribaron decenas de polic\u00edas estatales, as\u00ed como tambi\u00e9n, elementos de la Guardia Nacional y del Ej\u00e9rcito Mexicano, donde se procedi\u00f3 al acordonamiento de las calles mencionadas.<\/p>\n\n\n\n<p>Polic\u00edas ministeriales iniciaron las diligencias correspondientes, para integrar la carpeta de investigaci\u00f3n, luego de que, seg\u00fan testigos, tres hombres armados ingresaran al establecimiento para atacar a sangre fr\u00eda a algunos de los presentes.<\/p>\n\n\n\n<p>Algunas de las personas que lograron salir de la cantina resultaron con crisis nerviosa y fueron atendidas por param\u00e9dicos en el sitio, sin que necesitaran hospitalizaci\u00f3n.<\/p>\n\n\n\n<p>El pasado 4 de mayo, sujetos entraron al mismo bar y rociaron gasolina con la intenci\u00f3n de quemarlo; sin embargo, el hecho fue atendido r\u00e1pidamente y no hubo personas lesionadas.<\/p>\n\n\n\n<p>A finales de mayo pasado, fue asesinada otra persona y una m\u00e1s result\u00f3 herida en la cantina \u201cLa Preferida\u201d de la ciudad de Poza Rica.<\/p>\n\n\n\n<p>Cabe recordar que el pasado 1 de enero, ocho personas fueron asesinadas en el mismo municipio, tras varios ataques armados en bares de ese lugar.<\/p>\n\n\n\n<p>Hasta el momento, las autoridades estatales no se han pronunciado sobre el reciente ataque armado a dicho bar, que dej\u00f3 dos personas fallecidas y otra herida.<\/p>\n","protected":false},"excerpt":{"rendered":"<p>Juan Arcos Xalapa, Ver.- Dos personas fueron ejecutadas y otra result\u00f3 herida durante un atentado en el bar \u201cLa Preferida\u201d, que es conocido en la ciudad petrolera de Poza Rica, en la zona norte del estado de Veracruz, donde persiste la ola de violencia, pese a las acciones de seguridad coordinadas entre los tres niveles [&hellip;]<\/p>\n","protected":false},"author":2476,"featured_media":42695,"comment_status":"open","ping_status":"open","sticky":false,"template":"","format":"standard","meta":{"_jetpack_memberships_contains_paid_content":false,"footnotes":""},"categories":[14],"tags":[],"class_list":["post-42694","post","type-post","status-publish","format-standard","has-post-thumbnail","hentry","category-policiaca"],"jetpack_featured_media_url":"https:\/\/encuentroinformativo.com.mx\/wp-content\/uploads\/2023\/07\/IMG_3063.jpg","jetpack_sharing_enabled":true,"jetpack_likes_enabled":true,"amp_enabled":true,"_links":{"self":[{"href":"https:\/\/encuentroinformativo.com.mx\/index.php?rest_route=\/wp\/v2\/posts\/42694","targetHints":{"allow":["GET"]}}],"collection":[{"href":"https:\/\/encuentroinformativo.com.mx\/index.php?rest_route=\/wp\/v2\/posts"}],"about":[{"href":"https:\/\/encuentroinformativo.com.mx\/index.php?rest_route=\/wp\/v2\/types\/post"}],"author":[{"embeddable":true,"href":"https:\/\/encuentroinformativo.com.mx\/index.php?rest_route=\/wp\/v2\/users\/2476"}],"replies":[{"embeddable":true,"href":"https:\/\/encuentroinformativo.com.mx\/index.php?rest_route=%2Fwp%2Fv2%2Fcomments&post=42694"}],"version-history":[{"count":1,"href":"https:\/\/encuentroinformativo.com.mx\/index.php?rest_route=\/wp\/v2\/posts\/42694\/revisions"}],"predecessor-version":[{"id":42696,"href":"https:\/\/encuentroinformativo.com.mx\/index.php?rest_route=\/wp\/v2\/posts\/42694\/revisions\/42696"}],"wp:featuredmedia":[{"embeddable":true,"href":"https:\/\/encuentroinformativo.com.mx\/index.php?rest_route=\/wp\/v2\/media\/42695"}],"wp:attachment":[{"href":"https:\/\/encuentroinformativo.com.mx\/index.php?rest_route=%2Fwp%2Fv2%2Fmedia&parent=42694"}],"wp:term":[{"taxonomy":"category","embeddable":true,"href":"https:\/\/encuentroinformativo.com.mx\/index.php?rest_route=%2Fwp%2Fv2%2Fcategories&post=42694"},{"taxonomy":"post_tag","embeddable":true,"href":"https:\/\/encuentroinformativo.com.mx\/index.php?rest_route=%2Fwp%2Fv2%2Ftags&post=42694"}],"curies":[{"name":"wp","href":"https:\/\/api.w.org\/{rel}","templated":true}]}}