{"id":42697,"date":"2023-07-10T16:26:26","date_gmt":"2023-07-10T22:26:26","guid":{"rendered":"https:\/\/encuentroinformativo.com.mx\/?p=42697"},"modified":"2023-07-10T16:26:30","modified_gmt":"2023-07-10T22:26:30","slug":"en-xalapa-retienen-a-migrantes-que-viajaban-en-au","status":"publish","type":"post","link":"https:\/\/encuentroinformativo.com.mx\/?p=42697","title":{"rendered":"En Xalapa, retienen a migrantes que viajaban en AU"},"content":{"rendered":"\n<p><strong>Juan Arcos <\/strong><\/p>\n\n\n\n<p>Xalapa, Ver.- Polic\u00edas estatales retuvieron a 15 migrantes guatemaltecos que viajaban a bordo de un cami\u00f3n de pasajeros sobre la avenida L\u00e1zaro C\u00e1rdenas, en esta ciudad de Xalapa.<\/p>\n\n\n\n<p>Los centroamericanos circulaban en un autob\u00fas de la l\u00ednea Autobuses Unidos (AU), a la altura del puente Miguel Alem\u00e1n, en la colonia Ferrocarrilera, cuando fueron interceptados por los elementos de la Secretar\u00eda de Seguridad P\u00fablica (SSP).<\/p>\n\n\n\n<p>Los hechos ocurrieron alrededor de las 13:30 horas de este lunes 10 de julio en la capital del estado de Veracruz.<\/p>\n\n\n\n<p>Se habla de que los migrantes subieron al autob\u00fas en la zona de Plaza Crystal y se dirig\u00edan al municipio de Perote.<\/p>\n\n\n\n<p>Sin embargo, m\u00e1s adelante, fueron retenidos por peritos de la Polic\u00eda Vial para que se identificaran, pero no pudieron hacerlo.<\/p>\n\n\n\n<p>En el cami\u00f3n de pasajeros viajaban 12 hombres y tres mujeres, procedentes de Guatemala, quienes fueron instruidos a subir a un autob\u00fas de la Polic\u00eda Estatal.<\/p>\n\n\n\n<p>Los indocumentados ser\u00edan trasladados al cuartel \u201cHeriberto Jara Corona\u201d, mejor conocido como \u201cSan Jos\u00e9\u201d, y luego quedar\u00edan a disposici\u00f3n del Instituto Nacional de Migraci\u00f3n (INM).<\/p>\n\n\n\n<figure class=\"wp-block-image size-large\"><img loading=\"lazy\" decoding=\"async\" width=\"1024\" height=\"683\" src=\"https:\/\/encuentroinformativo.com.mx\/wp-content\/uploads\/2023\/07\/Photo_1689027762187-1024x683.jpg\" alt=\"\" class=\"wp-image-42699\" srcset=\"https:\/\/encuentroinformativo.com.mx\/wp-content\/uploads\/2023\/07\/Photo_1689027762187-1024x683.jpg 1024w, https:\/\/encuentroinformativo.com.mx\/wp-content\/uploads\/2023\/07\/Photo_1689027762187-300x200.jpg 300w, https:\/\/encuentroinformativo.com.mx\/wp-content\/uploads\/2023\/07\/Photo_1689027762187-768x512.jpg 768w, https:\/\/encuentroinformativo.com.mx\/wp-content\/uploads\/2023\/07\/Photo_1689027762187.jpg 1280w\" sizes=\"auto, (max-width: 1024px) 100vw, 1024px\" \/><\/figure>\n\n\n\n<figure class=\"wp-block-image size-large\"><img loading=\"lazy\" decoding=\"async\" width=\"1024\" height=\"683\" src=\"https:\/\/encuentroinformativo.com.mx\/wp-content\/uploads\/2023\/07\/Photo_1689027729953-1024x683.jpg\" alt=\"\" class=\"wp-image-42700\" srcset=\"https:\/\/encuentroinformativo.com.mx\/wp-content\/uploads\/2023\/07\/Photo_1689027729953-1024x683.jpg 1024w, https:\/\/encuentroinformativo.com.mx\/wp-content\/uploads\/2023\/07\/Photo_1689027729953-300x200.jpg 300w, https:\/\/encuentroinformativo.com.mx\/wp-content\/uploads\/2023\/07\/Photo_1689027729953-768x512.jpg 768w, https:\/\/encuentroinformativo.com.mx\/wp-content\/uploads\/2023\/07\/Photo_1689027729953.jpg 1280w\" sizes=\"auto, (max-width: 1024px) 100vw, 1024px\" \/><\/figure>\n","protected":false},"excerpt":{"rendered":"<p>Juan Arcos Xalapa, Ver.- Polic\u00edas estatales retuvieron a 15 migrantes guatemaltecos que viajaban a bordo de un cami\u00f3n de pasajeros sobre la avenida L\u00e1zaro C\u00e1rdenas, en esta ciudad de Xalapa. Los centroamericanos circulaban en un autob\u00fas de la l\u00ednea Autobuses Unidos (AU), a la altura del puente Miguel Alem\u00e1n, en la colonia Ferrocarrilera, cuando fueron [&hellip;]<\/p>\n","protected":false},"author":2476,"featured_media":42698,"comment_status":"open","ping_status":"open","sticky":false,"template":"","format":"standard","meta":{"_jetpack_memberships_contains_paid_content":false,"footnotes":""},"categories":[2],"tags":[],"class_list":["post-42697","post","type-post","status-publish","format-standard","has-post-thumbnail","hentry","category-estado"],"jetpack_featured_media_url":"https:\/\/encuentroinformativo.com.mx\/wp-content\/uploads\/2023\/07\/Photo_1689027788797.jpg","jetpack_sharing_enabled":true,"jetpack_likes_enabled":true,"amp_enabled":true,"_links":{"self":[{"href":"https:\/\/encuentroinformativo.com.mx\/index.php?rest_route=\/wp\/v2\/posts\/42697","targetHints":{"allow":["GET"]}}],"collection":[{"href":"https:\/\/encuentroinformativo.com.mx\/index.php?rest_route=\/wp\/v2\/posts"}],"about":[{"href":"https:\/\/encuentroinformativo.com.mx\/index.php?rest_route=\/wp\/v2\/types\/post"}],"author":[{"embeddable":true,"href":"https:\/\/encuentroinformativo.com.mx\/index.php?rest_route=\/wp\/v2\/users\/2476"}],"replies":[{"embeddable":true,"href":"https:\/\/encuentroinformativo.com.mx\/index.php?rest_route=%2Fwp%2Fv2%2Fcomments&post=42697"}],"version-history":[{"count":1,"href":"https:\/\/encuentroinformativo.com.mx\/index.php?rest_route=\/wp\/v2\/posts\/42697\/revisions"}],"predecessor-version":[{"id":42701,"href":"https:\/\/encuentroinformativo.com.mx\/index.php?rest_route=\/wp\/v2\/posts\/42697\/revisions\/42701"}],"wp:featuredmedia":[{"embeddable":true,"href":"https:\/\/encuentroinformativo.com.mx\/index.php?rest_route=\/wp\/v2\/media\/42698"}],"wp:attachment":[{"href":"https:\/\/encuentroinformativo.com.mx\/index.php?rest_route=%2Fwp%2Fv2%2Fmedia&parent=42697"}],"wp:term":[{"taxonomy":"category","embeddable":true,"href":"https:\/\/encuentroinformativo.com.mx\/index.php?rest_route=%2Fwp%2Fv2%2Fcategories&post=42697"},{"taxonomy":"post_tag","embeddable":true,"href":"https:\/\/encuentroinformativo.com.mx\/index.php?rest_route=%2Fwp%2Fv2%2Ftags&post=42697"}],"curies":[{"name":"wp","href":"https:\/\/api.w.org\/{rel}","templated":true}]}}