{"id":42709,"date":"2023-07-11T11:22:51","date_gmt":"2023-07-11T17:22:51","guid":{"rendered":"https:\/\/encuentroinformativo.com.mx\/?p=42709"},"modified":"2023-07-11T11:22:56","modified_gmt":"2023-07-11T17:22:56","slug":"dia-negro-para-el-secre","status":"publish","type":"post","link":"https:\/\/encuentroinformativo.com.mx\/?p=42709","title":{"rendered":"D\u00cdA NEGRO PARA EL SECRE"},"content":{"rendered":"\n<p><strong>ColumnaSinNombre<br>@pablojair<\/strong><\/p>\n\n\n\n<ul class=\"wp-block-list\"><li>Un pedazo de Veracruz se ir\u00eda a Oaxaca.<\/li><li>Las sombras que rebasaron las luces de Don Porfirio.<\/li><li>Sigue la rebeli\u00f3n de los chichifos del T\u00edo Dante.<\/li><\/ul>\n\n\n\n<p>Negritud en Veracruz\u2026 Assemble!<br>&#8211;Chopenjawer<\/p>\n\n\n\n<p>En su conferencia &#8220;ma\u00f1anera&#8221; de este lunes, el presidente de la Rep\u00fablica, Andr\u00e9s Manuel L\u00f3pez Obrador, le peg\u00f3 a la bola 8 en Veracruz e hizo carambola.<\/p>\n\n\n\n<p>La periodista Tere Mora Guill\u00e9n, de Grupo Imagen de Veracruz (propiedad de la familia Robles), le pregunt\u00f3 qu\u00e9 opinaba sobre la saturaci\u00f3n de anuncios espectaculares y bardas con el nombre de Eric Cisneros con el pretexto de anunciar un libro sobre la negritud en Veracruz, lo cual &#8211;pienso que para la mayor\u00eda de los veracruzanos&#8211; ha sido evidente en los \u00faltimos d\u00edas.<\/p>\n\n\n\n<p>Lo que contest\u00f3 el jefe del Ejecutivo fue demoledor: &#8220;Est\u00e1 mal, \u00bfqu\u00e9 tiene qu\u00e9 hacer un secretario de Gobierno haci\u00e9ndose publicidad? Si quiere ser candidato, que renuncie a su cargo\u2026 Y eso que habr\u00eda qu\u00e9 ver si son los tiempos que dictan los partidos, que deciden los partidos&#8221;.<\/p>\n\n\n\n<p>Fueron varios los que me comentaron una observaci\u00f3n: &#8220;El presidente luc\u00eda molesto&#8221;. De hecho, hasta parec\u00eda que ya estaba en la mira de L\u00f3pez Obrador.<\/p>\n\n\n\n<p>En tiempos de anta\u00f1o, de esos del priato y presidencialismo todopoderoso, esas se\u00f1ales eran la ca\u00edda inevitable, la vergonzosa renuncia del funcionario y el congelamiento en la RENATA (Reserva Nacional de Talentos) por un tiempo. Te ibas calladito y sin chistar, sin hacerla de flatulencia.<\/p>\n\n\n\n<p>(Parece mentira, pero fue el propio mandatario quien le vino a poner sabor al caldo en estos tiempos pre-electorales en Veracruz, porque la neta los de oposici\u00f3n andan como que en la hueva).<\/p>\n\n\n\n<p>A la declaraci\u00f3n del presidente se sumaron actores pol\u00edticos de mucho peso en Veracruz.<\/p>\n\n\n\n<p>El primero fue el diputado presidente de la Junta de Coordinaci\u00f3n Pol\u00edtica del Congreso, Juan Javier G\u00f3mez Cazar\u00edn, quien tambi\u00e9n fue contundente con el tema.<\/p>\n\n\n\n<p>&#8220;Vamos a ser sinceros, hay que ver si ese libro da las regal\u00edas para saber si da para pagar una campa\u00f1a as\u00ed\u2026 No nos podemos tapar la venda para no ver qu\u00e9 el estado de Veracruz est\u00e1 inundado con esa publicidad que no va con el gobierno de la 4T&#8221;, se\u00f1al\u00f3.<\/p>\n\n\n\n<p>Y abund\u00f3: &#8220;El que quiera hacer campa\u00f1as que las pague de su bolsa y no desde el puesto de gobierno que ostenta, ya que \u2013dijo\u2013 esa conducta contradice los principios que defiende Morena y promueve la Cuarta Transformaci\u00f3n&#8221;.<\/p>\n\n\n\n<p>Otro que tambi\u00e9n se pitorre\u00f3 sobre el asunto fue el delegado federal de los programas federales del Bienestar (tambi\u00e9n conocido como s\u00faper-delegado), Manuel Huerta Ladr\u00f3n de Guevara, quien dijo que al parecer ya es m\u00e1s redituable vender libros como el del secretario que Coca-Colas y Sabritas.<\/p>\n\n\n\n<p>De hecho, calcul\u00f3 que el gasto en bardas y espectaculares para la promoci\u00f3n de Eric Cisneros podr\u00eda ser de 15 millones de pesos mensuales y que ya se habr\u00eda gastado en un mes casi todo lo que le dieron a las &#8220;corcholatas&#8221; presidenciales.<\/p>\n\n\n\n<p>Pero la declaraci\u00f3n de la diputada Margarita Corro, presidenta de la Mesa Directiva del Congreso del Estado, tambi\u00e9n fue aplastante:<\/p>\n\n\n\n<p>Sin decir nombres, se\u00f1al\u00f3: &#8220;hay otros que est\u00e1n haciendo mucho proselitismo, tienen muchos espectaculares. Lo acaba de mencionar ahorita precisamente el presidente de la Rep\u00fablica; hace unos minutos: que el que quiera participar para una elecci\u00f3n popular, para empezar, esperar los tiempos; y la otra, pues que renuncie&#8221;.<\/p>\n\n\n\n<p>Interrogada espec\u00edficamente sobre el caso del secretario de Gobierno, Eric Cisneros, la legisladora subray\u00f3 que es el propio funcionario quien debe tomar esas decisiones (de renuncia).<\/p>\n\n\n\n<p>&#8220;Lo escuch\u00e9 ahorita en la &#8216;ma\u00f1anera&#8217; y yo considero que \u00e9l tambi\u00e9n deber\u00e1 tomar sus decisiones. El secretario es una persona muy congruente. Yo s\u00e9 que \u00e9l tra\u00eda un deseo de participar y pues va a escuchar la voz del presidente&#8221;, subray\u00f3.<\/p>\n\n\n\n<p>&#8220;Como lo dijo el presidente: todo aquel que quiera contender por un puesto, pues que renuncie; es lo razonable&#8221;, enfatiz\u00f3.<\/p>\n\n\n\n<p>En medio de la tormenta, el secre Eric Cisneros parece que esper\u00f3 el mejor momento para salir a declarar, pasada ya tantita la llovizna de declaraciones.<\/p>\n\n\n\n<p>Y, ya sabe, se agarr\u00f3 otra vez de lo suyo, que es la defensa de los afroveracruzanos por medio de libros, huateques en pueblos, fotos de vatos en taparrabo y anuncios espectaculares con publicidad de hot-queis de la T\u00eda Jemina.<\/p>\n\n\n\n<p>De entrada, neg\u00f3 como Pedro tres veces antes del amanecer que est\u00e9 haciendo alguna promoci\u00f3n personal; sino que est\u00e1 promoviendo la cultura\u2026 (aunque hay algunas bardas donde se lee m\u00e1s el nombre del secretario y ni una referencia al mentado libro).<\/p>\n\n\n\n<p>De hecho, seg\u00fan una entrevista que dio a conocido portal de noticias, dijo que no renunciar\u00e1 al cargo y hasta tild\u00f3 de &#8220;ignorantes&#8221; a sus cr\u00edticos, as\u00ed como dec\u00eda el cantante ex-afroamericano Maikol Yaczon a los propios.<\/p>\n\n\n\n<p>&#8220;Veo que algunas personas est\u00e1n fuera de lugar y fuera de s\u00ed, est\u00e1n haciendo comentarios. Entiendo que por desconocimiento o falta de informaci\u00f3n, ignorancia en la cultura&#8221;\u2026 \u00a1Mokos, perico!<\/p>\n\n\n\n<p>De paso, dijo que no usa recursos p\u00fablicos para sus best-sellers ampliamente influyentes en el mundo de las bibli\u00f3filos, y expres\u00f3 de manera desafiante que la publicidad continuar\u00e1\u2026 y pos h\u00e1ganle como quieran.<\/p>\n\n\n\n<p>&#8220;Yo no me prestar\u00eda a eso (uso de recursos). Yo soy una persona del movimiento de esencia, no tengo esa necesidad. Es m\u00e1s yo no tengo familia en el Gobierno yo no aspiro a perpetuarme en el Gobierno. Tampoco promuevo a mi pap\u00e1, mi hermano o a mi mam\u00e1 para que tengan cargos p\u00fablicos. Yo sigo en sinton\u00eda con el Presidente. El Presidente no tiene ning\u00fan familiar en el Gobierno y yo tampoco&#8221;.<\/p>\n\n\n\n<p>\u00a1Qu\u00e9 raro!\u2026 Y uno que pensaba que su sobrino trabajaba como director de RadioTelevisi\u00f3n de Veracruz, pero igual nom\u00e1s tienen en com\u00fan el apellido.<\/p>\n\n\n\n<p><strong>NOTA PARA PEGAR EN EL REFRI: <\/strong>El presidente Andr\u00e9s Manuel L\u00f3pez Obrador dio a conocer este lunes que ya hay un avance de acuerdos sobre el tema de los l\u00edmites territoriales entre Veracruz, Oaxaca y Chiapas, en la regi\u00f3n conocida como Los Chimalapas\u2026 El mandatario nacional habl\u00f3 de que a ra\u00edz de una resoluci\u00f3n de la Suprema Corte de Justicia de la Naci\u00f3n (SCJN), se complic\u00f3 un conflicto en el que existen \u201c500, mil hect\u00e1reas o m\u00e1s\u201d que estuvieron en litigio, y donde desaparecen como tres municipios de Chiapas \u2013que pasan a ser de Oaxaca\u2013 y tambi\u00e9n una parte de Veracruz que quedar\u00eda tambi\u00e9n como territorio de la entidad oaxaque\u00f1a\u2026 \u201cEntonces, estamos buscando un acuerdo para que toda esa franja que est\u00e1 en conflicto se pueda convertir en una zona de reserva natural protegida, a\u00fan cuando se cumpla con la decisi\u00f3n de la SCJN de que son tierras de Oaxaca para que exista un convenio para que la tierra se trabaje de manera mancomunada y que se aplique un programa para la reforestaci\u00f3n porque son tierras que tienen todav\u00eda mucha madera, son tierras forestales\u201d, expres\u00f3\u2026 L\u00f3pez Obrador dijo que ya hay un avance de acuerdo entre los gobernadores de Oaxaca y Chiapas \u201cy tambi\u00e9n estar\u00e1 participando el gobernador de Veracruz\u201d\u2026 \u201cHay buen entendimiento, yo espero que se llegue a un acuerdo; tienen qu\u00e9 hablar con las comunidades y nosotros vamos a apoyar si se llega a este acuerdo\u201d, subray\u00f3.<\/p>\n\n\n\n<p><strong>OTRA NOTA: <\/strong>Un buen amigo de Coatepec me comentaba sobre el asunto de la muerte de Porfirio Mu\u00f1oz Ledo y lo platicamos virtualmente: &#8220;Fueron muy confusas sus acciones de los \u00faltimos a\u00f1os, quiz\u00e1 por su pasado de boxeador donde la finta es estrategia del fajador&#8221;, dec\u00eda mi broder\u2026 Creo que Porfirio Mu\u00f1oz Ledo es de esos personajes fuera de serie (con todo y se\u00f1alamientos graves como la abogada tuitera Diana Rangel Alfaro) que en su momento marcaron las p\u00e1ginas de la historia en M\u00e9xico. Es y ser\u00e1 siempre un actor pol\u00edtico relevante que estuvo en momentos claves de la pol\u00edtica, especialmente en los a\u00f1os 80 y 90, cuando se fue consolidando la oposici\u00f3n naciente en la izquierda\u2026 Creo que su debacle fue cuando comenz\u00f3 a sacar el cobre de ir cambiando de partido de acuerdo a sus intereses: si no le daban tal cargo, entonces los mandaba a todos al carajo y se iba a buscar otra bandera\u2026 En ese sentido, le dec\u00eda a mi cuate que al final era un dinosaurio ya mal acostumbrado a vivir eternamente del presupuesto, y cuando no le daban nada, pataleaba. Era quiz\u00e1s un genio, pero termin\u00f3 como un oportunista\u2026 &#8220;Con la edad, sus sombras rebasaron sus luces. Desesperado por no alcanzar lo que pretendi\u00f3&#8221;, me remat\u00f3 el coatepecano que me debe unos tragos en &#8220;La Estrella de Oro&#8221;.<\/p>\n\n\n\n<p><strong>LA \u00daLTIMA, POR SI NO ERA SUFICIENTE EL &#8220;BLACK MONDAY&#8221;: <\/strong>Lo comenta el muy informado portal Pol\u00edticoMX en su secci\u00f3n Politileaks: &#8220;Nos dicen que en Movimiento Ciudadano contin\u00faa la revoluci\u00f3n y se prev\u00e9 que en pr\u00f3ximos d\u00edas exista una desbandada de militantes esto ante el cierre para ir en alianzas y la presunta invitaci\u00f3n a un grupo de priistas\u2026 La semana pasada se evidenciaron las diferencias que existen al interior de Movimiento Ciudadano luego que Clemente Casta\u00f1eda expres\u00f3 que si X\u00f3chitl G\u00e1lvez es la pr\u00f3xima candidata del Frente Amplio opositor, MC deber\u00eda analizar a mayor detalle su candidatura\u2026 Tales declaraciones fueron le\u00eddas como una apertura al Frente; sin embargo, Dante Delgado, dirigente nacional de MC, sali\u00f3 casi de inmediato a se\u00f1alar que Movimiento Ciudadano est\u00e1 abierto al di\u00e1logo, pero reiter\u00f3 su rechazo a ir en alianza. Postura que fue respaldada por gobernadores como Samuel Garc\u00eda de Nuevo Le\u00f3n; sin embargo, en el marco de las diferencias se dio a conocer que Enrique Alfaro no buscar\u00e1 la Presidencia con MC, lo que evidencia las diferencias al interior del partido naranja&#8221;.<\/p>\n","protected":false},"excerpt":{"rendered":"<p>ColumnaSinNombre@pablojair Un pedazo de Veracruz se ir\u00eda a Oaxaca. Las sombras que rebasaron las luces de Don Porfirio. Sigue la rebeli\u00f3n de los chichifos del T\u00edo Dante. Negritud en Veracruz\u2026 Assemble!&#8211;Chopenjawer En su conferencia &#8220;ma\u00f1anera&#8221; de este lunes, el presidente de la Rep\u00fablica, Andr\u00e9s Manuel L\u00f3pez Obrador, le peg\u00f3 a la bola 8 en Veracruz [&hellip;]<\/p>\n","protected":false},"author":2476,"featured_media":488,"comment_status":"open","ping_status":"open","sticky":false,"template":"","format":"standard","meta":{"_jetpack_memberships_contains_paid_content":false,"footnotes":""},"categories":[11],"tags":[],"class_list":["post-42709","post","type-post","status-publish","format-standard","has-post-thumbnail","hentry","category-opinion"],"jetpack_featured_media_url":"https:\/\/encuentroinformativo.com.mx\/wp-content\/uploads\/2020\/03\/F471F608-BA1A-416B-BA7B-BCFB24F4E6D0.jpeg","jetpack_sharing_enabled":true,"jetpack_likes_enabled":true,"amp_enabled":true,"_links":{"self":[{"href":"https:\/\/encuentroinformativo.com.mx\/index.php?rest_route=\/wp\/v2\/posts\/42709","targetHints":{"allow":["GET"]}}],"collection":[{"href":"https:\/\/encuentroinformativo.com.mx\/index.php?rest_route=\/wp\/v2\/posts"}],"about":[{"href":"https:\/\/encuentroinformativo.com.mx\/index.php?rest_route=\/wp\/v2\/types\/post"}],"author":[{"embeddable":true,"href":"https:\/\/encuentroinformativo.com.mx\/index.php?rest_route=\/wp\/v2\/users\/2476"}],"replies":[{"embeddable":true,"href":"https:\/\/encuentroinformativo.com.mx\/index.php?rest_route=%2Fwp%2Fv2%2Fcomments&post=42709"}],"version-history":[{"count":1,"href":"https:\/\/encuentroinformativo.com.mx\/index.php?rest_route=\/wp\/v2\/posts\/42709\/revisions"}],"predecessor-version":[{"id":42710,"href":"https:\/\/encuentroinformativo.com.mx\/index.php?rest_route=\/wp\/v2\/posts\/42709\/revisions\/42710"}],"wp:featuredmedia":[{"embeddable":true,"href":"https:\/\/encuentroinformativo.com.mx\/index.php?rest_route=\/wp\/v2\/media\/488"}],"wp:attachment":[{"href":"https:\/\/encuentroinformativo.com.mx\/index.php?rest_route=%2Fwp%2Fv2%2Fmedia&parent=42709"}],"wp:term":[{"taxonomy":"category","embeddable":true,"href":"https:\/\/encuentroinformativo.com.mx\/index.php?rest_route=%2Fwp%2Fv2%2Fcategories&post=42709"},{"taxonomy":"post_tag","embeddable":true,"href":"https:\/\/encuentroinformativo.com.mx\/index.php?rest_route=%2Fwp%2Fv2%2Ftags&post=42709"}],"curies":[{"name":"wp","href":"https:\/\/api.w.org\/{rel}","templated":true}]}}