{"id":42717,"date":"2023-07-11T13:20:01","date_gmt":"2023-07-11T19:20:01","guid":{"rendered":"https:\/\/encuentroinformativo.com.mx\/?p=42717"},"modified":"2023-07-11T13:20:05","modified_gmt":"2023-07-11T19:20:05","slug":"eric-cisneros-no-contendera-por-la-gubernatura-cuitlahuac-garcia","status":"publish","type":"post","link":"https:\/\/encuentroinformativo.com.mx\/?p=42717","title":{"rendered":"Eric Cisneros no contender\u00e1 por la gubernatura: Cuitl\u00e1huac Garc\u00eda"},"content":{"rendered":"\n<p><strong>Dar\u00edo Pale <\/strong><\/p>\n\n\n\n<p>Xalapa, Ver.- El gobernador del estado Cuitl\u00e1huac Garc\u00eda Jim\u00e9nez dio a conocer que el secretario de gobierno Eric Cisneros Burgos no participar\u00e1 en la contienda interna de Morena para buscar la candidatura a la gubernatura de Veracruz.<\/p>\n\n\n\n<p>En conferencia de prensa se\u00f1al\u00f3 que se reuni\u00f3 con el secretario la noche de este lunes \u00a0y le inform\u00f3 la decisi\u00f3n de no participar en el proceso de su partido para ser candidato a la titularidad del poder ejecutivo del 2024.<\/p>\n\n\n\n<p>&#8220;Platiqu\u00e9 anoche con \u00e9l y me parece correcta su decisi\u00f3n. En este equipo de la Cuarta Transformaci\u00f3n todos deben ser disciplinados, saber actuar ante la efervescencia electoral&#8221;, coment\u00f3.<\/p>\n\n\n\n<p>Afirm\u00f3 que el funcionario acatar\u00e1 la recomendaci\u00f3n del presidente Andr\u00e9s Manuel L\u00f3pez Obrador, &#8220;y para que no haya dudas de que esto no es por cargos y lo tenemos muy claro todos los que participamos en este gobierno, al menos en mi gabinete; no participar\u00e1 en la elecci\u00f3n para gobernador&#8221;.<\/p>\n\n\n\n<p>Garc\u00eda Jim\u00e9nez indic\u00f3 que su equipo no pierde de vista los principios por los cuales han luchado mucho tiempo y en ese sentido dijo que tambi\u00e9n es bueno saber rectificar.<\/p>\n\n\n\n<p>Asimismo, a\u00f1adi\u00f3 que las bardas, espectaculares y otros anuncios que hay del Secretario por todo el Estado, pedir\u00e1 (a quienes las hicieron), que omitan su nombre, se usen para otras cosas o se borren.<\/p>\n\n\n\n<p>El mandatario defini\u00f3 que el rescate de la cultura afrodescendiente, tema que le encarg\u00f3 a Cisneros Burgos, continuar\u00e1, pero sin la figura ni el nombre del Secretario.<\/p>\n\n\n\n<p>Finalmente se\u00f1al\u00f3, &#8220;que se contin\u00fae s\u00ed, porque es un rescate cultural, pero ya no puede asociarse ni a su nombre ni a su figura, entonces lo va a solicitar porque hay personas que est\u00e1n en este orgullo que todos debemos tener&#8221;.<\/p>\n","protected":false},"excerpt":{"rendered":"<p>Dar\u00edo Pale Xalapa, Ver.- El gobernador del estado Cuitl\u00e1huac Garc\u00eda Jim\u00e9nez dio a conocer que el secretario de gobierno Eric Cisneros Burgos no participar\u00e1 en la contienda interna de Morena para buscar la candidatura a la gubernatura de Veracruz. En conferencia de prensa se\u00f1al\u00f3 que se reuni\u00f3 con el secretario la noche de este lunes [&hellip;]<\/p>\n","protected":false},"author":2476,"featured_media":42718,"comment_status":"open","ping_status":"open","sticky":false,"template":"","format":"standard","meta":{"_jetpack_memberships_contains_paid_content":false,"footnotes":""},"categories":[2],"tags":[],"class_list":["post-42717","post","type-post","status-publish","format-standard","has-post-thumbnail","hentry","category-estado"],"jetpack_featured_media_url":"https:\/\/encuentroinformativo.com.mx\/wp-content\/uploads\/2023\/07\/IMG-20230711-WA00532.jpg","jetpack_sharing_enabled":true,"jetpack_likes_enabled":true,"amp_enabled":true,"_links":{"self":[{"href":"https:\/\/encuentroinformativo.com.mx\/index.php?rest_route=\/wp\/v2\/posts\/42717","targetHints":{"allow":["GET"]}}],"collection":[{"href":"https:\/\/encuentroinformativo.com.mx\/index.php?rest_route=\/wp\/v2\/posts"}],"about":[{"href":"https:\/\/encuentroinformativo.com.mx\/index.php?rest_route=\/wp\/v2\/types\/post"}],"author":[{"embeddable":true,"href":"https:\/\/encuentroinformativo.com.mx\/index.php?rest_route=\/wp\/v2\/users\/2476"}],"replies":[{"embeddable":true,"href":"https:\/\/encuentroinformativo.com.mx\/index.php?rest_route=%2Fwp%2Fv2%2Fcomments&post=42717"}],"version-history":[{"count":1,"href":"https:\/\/encuentroinformativo.com.mx\/index.php?rest_route=\/wp\/v2\/posts\/42717\/revisions"}],"predecessor-version":[{"id":42719,"href":"https:\/\/encuentroinformativo.com.mx\/index.php?rest_route=\/wp\/v2\/posts\/42717\/revisions\/42719"}],"wp:featuredmedia":[{"embeddable":true,"href":"https:\/\/encuentroinformativo.com.mx\/index.php?rest_route=\/wp\/v2\/media\/42718"}],"wp:attachment":[{"href":"https:\/\/encuentroinformativo.com.mx\/index.php?rest_route=%2Fwp%2Fv2%2Fmedia&parent=42717"}],"wp:term":[{"taxonomy":"category","embeddable":true,"href":"https:\/\/encuentroinformativo.com.mx\/index.php?rest_route=%2Fwp%2Fv2%2Fcategories&post=42717"},{"taxonomy":"post_tag","embeddable":true,"href":"https:\/\/encuentroinformativo.com.mx\/index.php?rest_route=%2Fwp%2Fv2%2Ftags&post=42717"}],"curies":[{"name":"wp","href":"https:\/\/api.w.org\/{rel}","templated":true}]}}