{"id":42720,"date":"2023-07-11T14:06:03","date_gmt":"2023-07-11T20:06:03","guid":{"rendered":"https:\/\/encuentroinformativo.com.mx\/?p=42720"},"modified":"2023-07-11T14:06:06","modified_gmt":"2023-07-11T20:06:06","slug":"segun-juan-bueno-ya-se-alejo-de-la-politica","status":"publish","type":"post","link":"https:\/\/encuentroinformativo.com.mx\/?p=42720","title":{"rendered":"Seg\u00fan Juan Bueno, ya se alej\u00f3 de la pol\u00edtica"},"content":{"rendered":"\n<p><strong>Dar\u00edo Pale <\/strong><\/p>\n\n\n\n<p>Xalapa, Ver.- El exsenador Juan Bueno Torio lleg\u00f3 a hacer una serie de se\u00f1alamientos en materia econ\u00f3mica, de infraestructura carretera, de seguridad, entre otros, donde opin\u00f3 que las condiciones en las que ha avanzado la Cuarta Transformaci\u00f3n est\u00e1n alejadas del desarrollo social y \u00a0econ\u00f3mico del pa\u00eds.<\/p>\n\n\n\n<p>En entrevista el empresario cordob\u00e9s, excandidato a la gubernatura de Veracruz, consider\u00f3 que el presidente Andr\u00e9s Manuel L\u00f3pez Obrador ha tomado decisiones con las que no coincide.<\/p>\n\n\n\n<p>&#8220;Ha argumentado temas en favor del pueblo, en favor de la pobreza, pero la realidad es que estamos viendo que no est\u00e1 siendo as\u00ed&#8221;, se\u00f1al\u00f3.<\/p>\n\n\n\n<p>&#8220;Ahorita mismo, entrando a Xalapa, pase por el Banco del Bienestar hay una cola de unos casi 400 metros para que los adultos mayores puedan cobrar su pensi\u00f3n&#8221;, agreg\u00f3.<\/p>\n\n\n\n<p>En ese sentido, coment\u00f3 que esas largas filas no se ve\u00edan hace seis meses, de forma que as\u00ed como esto, ocurren otras muchas cosas en la Entidad.<\/p>\n\n\n\n<p>Por ejemplo, resalt\u00f3 que en el trayecto de C\u00f3rdoba a Xalapa en la caseta de Paso del Toro perdi\u00f3 45 minutos porque los trailers no pueden dar vuelta en el libramiento de Santa Fe en virtud de que est\u00e1 llena de hoyos la carretera.<\/p>\n\n\n\n<p>Situaci\u00f3n que se viene padeciendo desde hace muchos a\u00f1os y la presente administraci\u00f3n no ha hecho nada para resolver este problema tan espec\u00edfico que le resta competitividad a Veracruz.<\/p>\n\n\n\n<p>El exlegislador manifest\u00f3 que si no se brindan las condiciones para que nuestro pa\u00eds sea competitivo las inversiones no van a llegar.<\/p>\n\n\n\n<p>Tan s\u00f3lo el hecho de que no haya suficiente energ\u00eda el\u00e9ctrica para entregar a las empresas o industrias que quieren invertir genera un &#8220;cuello de botella&#8221; que se podr\u00eda evitar para atraer inversiones.<\/p>\n\n\n\n<p>&#8220;Hoy nos ocupa a todos los mexicanos volvernos competitivos, hacer accesible las posibilidades de inversiones a las industrias y a las empresas para que vengan a invertir tanto los mexicanos como los extranjeros a generar el desarrollo econ\u00f3mico que estamos urgiendo para que a trav\u00e9s de generaci\u00f3n de riqueza acabemos con la pobreza que est\u00e1 lascerando a nuestro pa\u00eds y que crece d\u00eda a d\u00eda&#8221;, coment\u00f3.<\/p>\n\n\n\n<p>En otro orden de ideas se\u00f1al\u00f3 que la inseguridad es otro problema que lastima al pa\u00eds y cit\u00f3 los m\u00e1s de cien mil homicidios dolosos que se han registrado en la presente administraci\u00f3n de Andr\u00e9s Manuel L\u00f3pez Mateos.<\/p>\n\n\n\n<p>&#8220;Es una referencia \u00a0infame porque hay m\u00e1s asesinatos y decesos en M\u00e9xico que en la guerra de Ucrania y Rusia. Tenemos problemas muy serios en seguridad&#8221;, afirm\u00f3.<\/p>\n\n\n\n<p>&#8220;Es la seguridad un elemento importante que inhibe las inversiones, es la falta de competitividad otro elemento que inhibe las inversiones y tenemos que abocarnos a mejorar nuestra seguridad y nuestro entorno para garantizar un mejor desarrollo econ\u00f3mico y social&#8221;, opin\u00f3.<\/p>\n\n\n\n<p>Finalmente Juan Bueno aclar\u00f3 que no tiene partido, que est\u00e1 dedicado a sus actividades empresariales que hab\u00eda dejado por la pol\u00edtica.<\/p>\n","protected":false},"excerpt":{"rendered":"<p>Dar\u00edo Pale Xalapa, Ver.- El exsenador Juan Bueno Torio lleg\u00f3 a hacer una serie de se\u00f1alamientos en materia econ\u00f3mica, de infraestructura carretera, de seguridad, entre otros, donde opin\u00f3 que las condiciones en las que ha avanzado la Cuarta Transformaci\u00f3n est\u00e1n alejadas del desarrollo social y \u00a0econ\u00f3mico del pa\u00eds. En entrevista el empresario cordob\u00e9s, excandidato a [&hellip;]<\/p>\n","protected":false},"author":2476,"featured_media":42721,"comment_status":"open","ping_status":"open","sticky":false,"template":"","format":"standard","meta":{"_jetpack_memberships_contains_paid_content":false,"footnotes":""},"categories":[2],"tags":[],"class_list":["post-42720","post","type-post","status-publish","format-standard","has-post-thumbnail","hentry","category-estado"],"jetpack_featured_media_url":"https:\/\/encuentroinformativo.com.mx\/wp-content\/uploads\/2023\/07\/IMG-20230711-WA00902.jpg","jetpack_sharing_enabled":true,"jetpack_likes_enabled":true,"amp_enabled":true,"_links":{"self":[{"href":"https:\/\/encuentroinformativo.com.mx\/index.php?rest_route=\/wp\/v2\/posts\/42720","targetHints":{"allow":["GET"]}}],"collection":[{"href":"https:\/\/encuentroinformativo.com.mx\/index.php?rest_route=\/wp\/v2\/posts"}],"about":[{"href":"https:\/\/encuentroinformativo.com.mx\/index.php?rest_route=\/wp\/v2\/types\/post"}],"author":[{"embeddable":true,"href":"https:\/\/encuentroinformativo.com.mx\/index.php?rest_route=\/wp\/v2\/users\/2476"}],"replies":[{"embeddable":true,"href":"https:\/\/encuentroinformativo.com.mx\/index.php?rest_route=%2Fwp%2Fv2%2Fcomments&post=42720"}],"version-history":[{"count":1,"href":"https:\/\/encuentroinformativo.com.mx\/index.php?rest_route=\/wp\/v2\/posts\/42720\/revisions"}],"predecessor-version":[{"id":42722,"href":"https:\/\/encuentroinformativo.com.mx\/index.php?rest_route=\/wp\/v2\/posts\/42720\/revisions\/42722"}],"wp:featuredmedia":[{"embeddable":true,"href":"https:\/\/encuentroinformativo.com.mx\/index.php?rest_route=\/wp\/v2\/media\/42721"}],"wp:attachment":[{"href":"https:\/\/encuentroinformativo.com.mx\/index.php?rest_route=%2Fwp%2Fv2%2Fmedia&parent=42720"}],"wp:term":[{"taxonomy":"category","embeddable":true,"href":"https:\/\/encuentroinformativo.com.mx\/index.php?rest_route=%2Fwp%2Fv2%2Fcategories&post=42720"},{"taxonomy":"post_tag","embeddable":true,"href":"https:\/\/encuentroinformativo.com.mx\/index.php?rest_route=%2Fwp%2Fv2%2Ftags&post=42720"}],"curies":[{"name":"wp","href":"https:\/\/api.w.org\/{rel}","templated":true}]}}