{"id":42726,"date":"2023-07-11T14:20:22","date_gmt":"2023-07-11T20:20:22","guid":{"rendered":"https:\/\/encuentroinformativo.com.mx\/?p=42726"},"modified":"2023-07-11T14:20:26","modified_gmt":"2023-07-11T20:20:26","slug":"roban-90-mil-pesos-en-escuela-veracruz-puerto-sospechan-de-padre-de-familia","status":"publish","type":"post","link":"https:\/\/encuentroinformativo.com.mx\/?p=42726","title":{"rendered":"Roban 90 mil pesos en escuela Veracruz puerto; sospechan de padre de familia"},"content":{"rendered":"\n<p><strong>Alejandro \u00c1vila<\/strong><\/p>\n\n\n\n<p>Veracruz, Ver.- La ma\u00f1ana de este martes se ejecut\u00f3 un robo con violencia en una escuela de la colonia Astilleros en el municipio de Veracruz puerto; unos de los sospechosos del atraco podr\u00eda ser un padre de familia del plantel educativo.<\/p>\n\n\n\n<p>Seg\u00fan relata una madre de familia que pidi\u00f3 el anonimato, a partir de este martes la administraci\u00f3n del plantel educativo comenzar\u00eda a cobrar las inscripciones del siguiente ciclo escolar, acci\u00f3n que solo conoc\u00edan los propios padres de familia.<\/p>\n\n\n\n<p>Cerca del mediod\u00eda dos sujetos ingresaron al plantel educativo y se dirigieron hacia el \u00e1rea de bibliotecas donde se estaba realizando el cobro, amagaron con armas de fuego a las personas que hab\u00eda en el sal\u00f3n y huyeron con cerca de 90 mil pesos.<\/p>\n\n\n\n<p>Posterior al robo, el personal administrativo alert\u00f3 a los elementos de seguridad p\u00fablica a trav\u00e9s de una llamada al n\u00famero de emergencias 911, por lo que los efectivos se trasladaron a la escuela primaria &#8220;Carmen Serd\u00e1n&#8221;, ubicada en Costa del Golfo entre Playa Las Bujas y Playa Ensenada.<\/p>\n\n\n\n<p>Cabe mencionar que, una de las madres de familia solicit\u00f3 a los asaltantes dejar salir a los tres menores de edad que se encontraban dentro del sal\u00f3n, entre ellos su hija, sin embargo estos se negaron, los despojaron del monto recaudado en efectivo y huyeron por los pasillos de la escuela con calma.<\/p>\n\n\n\n<p>Otro padre de familia dijo que vio a los maleantes abordar un veh\u00edculo de color blanco sin placas, adem\u00e1s de que aparentemente iban acompa\u00f1ados de otro motociclista, pero que al arrancar les perdi\u00f3 el rastro.<\/p>\n\n\n\n<p>De manera preliminar, las v\u00edctimas sospechan que pudo tratarse de un &#8216;trabajo interno&#8217;, pues al menos uno de los ladrones pudo haber sido pap\u00e1 de alg\u00fan ni\u00f1o o ni\u00f1a de ese mismo plantel, ya que sab\u00eda donde tendr\u00edan el efectivo.<\/p>\n\n\n\n<p>Hasta el momento a\u00fan no se sabe nada del paradero de los ladrones, en tanto detectives de la Polic\u00eda Ministerial ya abrieron la indagatoria correspondiente y acudieron a las instalaciones para entrevistarse con testigos.<\/p>\n","protected":false},"excerpt":{"rendered":"<p>Alejandro \u00c1vila Veracruz, Ver.- La ma\u00f1ana de este martes se ejecut\u00f3 un robo con violencia en una escuela de la colonia Astilleros en el municipio de Veracruz puerto; unos de los sospechosos del atraco podr\u00eda ser un padre de familia del plantel educativo. Seg\u00fan relata una madre de familia que pidi\u00f3 el anonimato, a partir [&hellip;]<\/p>\n","protected":false},"author":2476,"featured_media":42727,"comment_status":"open","ping_status":"open","sticky":false,"template":"","format":"standard","meta":{"_jetpack_memberships_contains_paid_content":false,"footnotes":""},"categories":[2],"tags":[],"class_list":["post-42726","post","type-post","status-publish","format-standard","has-post-thumbnail","hentry","category-estado"],"jetpack_featured_media_url":"https:\/\/encuentroinformativo.com.mx\/wp-content\/uploads\/2023\/07\/IMG-20230711-WA0096.jpg","jetpack_sharing_enabled":true,"jetpack_likes_enabled":true,"amp_enabled":true,"_links":{"self":[{"href":"https:\/\/encuentroinformativo.com.mx\/index.php?rest_route=\/wp\/v2\/posts\/42726","targetHints":{"allow":["GET"]}}],"collection":[{"href":"https:\/\/encuentroinformativo.com.mx\/index.php?rest_route=\/wp\/v2\/posts"}],"about":[{"href":"https:\/\/encuentroinformativo.com.mx\/index.php?rest_route=\/wp\/v2\/types\/post"}],"author":[{"embeddable":true,"href":"https:\/\/encuentroinformativo.com.mx\/index.php?rest_route=\/wp\/v2\/users\/2476"}],"replies":[{"embeddable":true,"href":"https:\/\/encuentroinformativo.com.mx\/index.php?rest_route=%2Fwp%2Fv2%2Fcomments&post=42726"}],"version-history":[{"count":1,"href":"https:\/\/encuentroinformativo.com.mx\/index.php?rest_route=\/wp\/v2\/posts\/42726\/revisions"}],"predecessor-version":[{"id":42728,"href":"https:\/\/encuentroinformativo.com.mx\/index.php?rest_route=\/wp\/v2\/posts\/42726\/revisions\/42728"}],"wp:featuredmedia":[{"embeddable":true,"href":"https:\/\/encuentroinformativo.com.mx\/index.php?rest_route=\/wp\/v2\/media\/42727"}],"wp:attachment":[{"href":"https:\/\/encuentroinformativo.com.mx\/index.php?rest_route=%2Fwp%2Fv2%2Fmedia&parent=42726"}],"wp:term":[{"taxonomy":"category","embeddable":true,"href":"https:\/\/encuentroinformativo.com.mx\/index.php?rest_route=%2Fwp%2Fv2%2Fcategories&post=42726"},{"taxonomy":"post_tag","embeddable":true,"href":"https:\/\/encuentroinformativo.com.mx\/index.php?rest_route=%2Fwp%2Fv2%2Ftags&post=42726"}],"curies":[{"name":"wp","href":"https:\/\/api.w.org\/{rel}","templated":true}]}}