{"id":42729,"date":"2023-07-11T14:24:14","date_gmt":"2023-07-11T20:24:14","guid":{"rendered":"https:\/\/encuentroinformativo.com.mx\/?p=42729"},"modified":"2023-07-11T14:24:20","modified_gmt":"2023-07-11T20:24:20","slug":"semar-da-inicio-operativo-salvavidas-2023-en-veracruz","status":"publish","type":"post","link":"https:\/\/encuentroinformativo.com.mx\/?p=42729","title":{"rendered":"SEMAR da inicio Operativo Salvavidas 2023 en Veracruz"},"content":{"rendered":"\n<p><strong>Alejandro \u00c1vila<\/strong><\/p>\n\n\n\n<p>Veracruz, Ver.- La ma\u00f1ana de este martes 11 de julio, la Secretar\u00eda de Marina (SEMAR) dio inicio al Operativo Salvavidas 2023 que cubrir\u00e1 las vacaciones de verano en la entidad veracruzana.<\/p>\n\n\n\n<p>El evento tuvo efecto en la Macroplaza del Malec\u00f3n de Veracruz, donde se present\u00f3 al equipo mar\u00edtimo, terrestre y a\u00e9reo de la SEMAR, que apoyar\u00e1 a los elementos de Protecci\u00f3n Civil, Tr\u00e1nsito y Polic\u00eda&nbsp; de los Ayuntamientos de Veracruz y Boca del R\u00edo.<\/p>\n\n\n\n<p>\u201cRecorridos para reforzar la seguridad p\u00fablica, incremento de las operaciones mar\u00edtimas, destacamento del personal m\u00e9dico y nadadores de rescate en las playas m\u00e1s visitadas en donde adem\u00e1s se intensifican las acciones de vigilancia por mar, aire y tierra con el objetivo de salvaguardar la vida humana\u201d, dijo, Miguel \u00c1ngel Espinoza, representante de la Tercera Regi\u00f3n Naval.<\/p>\n\n\n\n<p>Parte de la Operaci\u00f3n Salvavidas Verano 2023 incluye instalar puestos de auxilio en las playas veracruzanas con mayor afluencia de personas.&nbsp;<\/p>\n\n\n\n<p>En cada municipio habr\u00e1 coordinaci\u00f3n con las autoridades para apoyar al equipo de guardavidas.&nbsp;<\/p>\n\n\n\n<p>\u201cRefuerzo en el \u00e1mbito de seguridad para proteger la integridad de las y los ciudadanos y de los que visitan las playas veracruzanas. Parte de la estrategia a implementar es la instalaci\u00f3n de puestos de socorro que estar\u00e1n distribuidos en las playas de mayor afluencia tur\u00edstica en diversos municipios del estado\u201d.&nbsp;&nbsp;<\/p>\n\n\n\n<p>Personal de guardavidas realiz\u00f3 una muestra de rescate en alta mar como parte de las acciones que est\u00e1n listos a realizar en caso de que sea necesario.&nbsp;<\/p>\n","protected":false},"excerpt":{"rendered":"<p>Alejandro \u00c1vila Veracruz, Ver.- La ma\u00f1ana de este martes 11 de julio, la Secretar\u00eda de Marina (SEMAR) dio inicio al Operativo Salvavidas 2023 que cubrir\u00e1 las vacaciones de verano en la entidad veracruzana. El evento tuvo efecto en la Macroplaza del Malec\u00f3n de Veracruz, donde se present\u00f3 al equipo mar\u00edtimo, terrestre y a\u00e9reo de la [&hellip;]<\/p>\n","protected":false},"author":2476,"featured_media":42730,"comment_status":"open","ping_status":"open","sticky":false,"template":"","format":"standard","meta":{"_jetpack_memberships_contains_paid_content":false,"footnotes":""},"categories":[2],"tags":[],"class_list":["post-42729","post","type-post","status-publish","format-standard","has-post-thumbnail","hentry","category-estado"],"jetpack_featured_media_url":"https:\/\/encuentroinformativo.com.mx\/wp-content\/uploads\/2023\/07\/IMG-20230711-WA0062.jpg","jetpack_sharing_enabled":true,"jetpack_likes_enabled":true,"amp_enabled":true,"_links":{"self":[{"href":"https:\/\/encuentroinformativo.com.mx\/index.php?rest_route=\/wp\/v2\/posts\/42729","targetHints":{"allow":["GET"]}}],"collection":[{"href":"https:\/\/encuentroinformativo.com.mx\/index.php?rest_route=\/wp\/v2\/posts"}],"about":[{"href":"https:\/\/encuentroinformativo.com.mx\/index.php?rest_route=\/wp\/v2\/types\/post"}],"author":[{"embeddable":true,"href":"https:\/\/encuentroinformativo.com.mx\/index.php?rest_route=\/wp\/v2\/users\/2476"}],"replies":[{"embeddable":true,"href":"https:\/\/encuentroinformativo.com.mx\/index.php?rest_route=%2Fwp%2Fv2%2Fcomments&post=42729"}],"version-history":[{"count":1,"href":"https:\/\/encuentroinformativo.com.mx\/index.php?rest_route=\/wp\/v2\/posts\/42729\/revisions"}],"predecessor-version":[{"id":42731,"href":"https:\/\/encuentroinformativo.com.mx\/index.php?rest_route=\/wp\/v2\/posts\/42729\/revisions\/42731"}],"wp:featuredmedia":[{"embeddable":true,"href":"https:\/\/encuentroinformativo.com.mx\/index.php?rest_route=\/wp\/v2\/media\/42730"}],"wp:attachment":[{"href":"https:\/\/encuentroinformativo.com.mx\/index.php?rest_route=%2Fwp%2Fv2%2Fmedia&parent=42729"}],"wp:term":[{"taxonomy":"category","embeddable":true,"href":"https:\/\/encuentroinformativo.com.mx\/index.php?rest_route=%2Fwp%2Fv2%2Fcategories&post=42729"},{"taxonomy":"post_tag","embeddable":true,"href":"https:\/\/encuentroinformativo.com.mx\/index.php?rest_route=%2Fwp%2Fv2%2Ftags&post=42729"}],"curies":[{"name":"wp","href":"https:\/\/api.w.org\/{rel}","templated":true}]}}