{"id":4273,"date":"2020-07-21T11:02:49","date_gmt":"2020-07-21T16:02:49","guid":{"rendered":"https:\/\/encuentroinformativo.com\/?p=4273"},"modified":"2020-07-21T11:11:38","modified_gmt":"2020-07-21T16:11:38","slug":"rezar-por-eric","status":"publish","type":"post","link":"https:\/\/encuentroinformativo.com.mx\/?p=4273","title":{"rendered":"Rezar por Eric"},"content":{"rendered":"\n<p><strong>Los Pol\u00edticos<\/strong><\/p>\n\n\n\n<p><strong>Salvador Mu\u00f1oz<\/strong><br><\/p>\n\n\n\n<p>El caso de Eric Cisneros Burgos es digno de estudio pol\u00edtico, pero alejado de cualquier idea zopilotera o v\u00edsceras propias de quien habla con resentimiento y dej\u00f3 a un lado el argumento. As\u00ed, que nos vamos con tiento en aras de que se vea esto m\u00e1s con cabeza que con est\u00f3mago\u2026<\/p>\n\n\n\n<p>El secretario de Gobierno padece de una enfermedad que si bien le va, lo puede mantener en cama tranquilamente, por casi 40 d\u00edas, de acuerdo a lo vivido en casa, lo platicado por amigos, lo descrito en las cr\u00f3nicas\u2026<\/p>\n\n\n\n<p>Es evidente que el pulso de la Gobernabilidad Pol\u00edtica no va a variar mucho en la ausencia de quien est\u00e1 a cargo de ello porque estando presente, igual, nunca se sinti\u00f3\u2026 \u00bfpero qu\u00e9 tal \u201clos amarres pol\u00edticos\u201d?<\/p>\n\n\n\n<p>A todos nos queda claro que hay diputados que jalan con Eric Cisneros (de Morena y de otros partidos que son muy obvios); igual hay algunos funcionarios del Gabinete que hacen el 1-2 con el secretario de Gobierno y tambi\u00e9n, son evidentes\u2026 ya ni se diga de los enlaces en diversas \u00e1reas de Gobierno y fuera de ellas que igual, son muy claras\u2026 todos estos personajes pol\u00edticos cr\u00e9anlo, han de estar haciendo oraci\u00f3n al Cristo Negro de Otatitl\u00e1n por la pronta recuperaci\u00f3n del hijo pr\u00f3digo de este rinc\u00f3n de Veracruz porque en \u00e9l, est\u00e1 su futuro\u2026<\/p>\n\n\n\n<p>Ejemplos de ello, hay varios, pero baste poner el m\u00e1s reciente y fresco de la cosecha de Eric Cisneros Burgos\u2026 P\u00e1nuco.<\/p>\n\n\n\n<p>Bueno, realmente no es P\u00e1nuco, sino el representante del Distrito I, Rodrigo Garc\u00eda Escalante, donde es m\u00e1s que obvio el Pacto entre \u00e9l y Eric Cisneros\u2026<\/p>\n\n\n\n<p>Conste, es m\u00e1s que claro que no pusimos \u201centre los Garc\u00eda y Eric Cisneros\u201d porque hasta donde se sabe, los intereses de Rodrigo son muy diferentes a los de Ricky, su hermano\u2026 y quiz\u00e1s igual a los de su padre, don Ricardo.<\/p>\n\n\n\n<p>La informaci\u00f3n que se recaba en San L\u00e1zaro, donde Ricardo Garc\u00eda Escalante es diputado federal, es que ha hecho muy buena amistad con el dirigente nacional del PAN, Marko Cort\u00e9s Mendoza y ese rompimiento que tuvo su hermano Rodrigo con el partido, no lo tiene muy contento\u2026 a Ricky, no a Marko\u2026<\/p>\n\n\n\n<p>Ahora bien, pensando en las siguientes elecciones municipales, hasta donde se sabe, hay dos precandidatos para la alcald\u00eda:<\/p>\n\n\n\n<p>1.- El del Pueblo, Ricardo\u2026<\/p>\n\n\n\n<p>2.- El de Morena, Rodrigo\u2026<\/p>\n\n\n\n<p>Para los adversarios de los Garc\u00eda, igual ruegan al Cristo Negro de Otatitl\u00e1n para que el candidato sea Rodri porque est\u00e1n seguros que ahora s\u00ed, ni con todo el power de los Garcia, \u00a1no la gana! Pero si es Ricardo&#8230;<\/p>\n\n\n\n<p>\u00a1Ojo! el asunto es que a Ricardo le gustar\u00eda hacer uso de ese derecho que le permite la reelecci\u00f3n de su cargo y por ende, afianzar m\u00e1s esa amistad con Marko Cort\u00e9s que le ha permitido hacer pol\u00edtica de altura.<\/p>\n\n\n\n<p>Aunque es obvio que m\u00e1s que la pol\u00edtica, a los Garc\u00eda les interesa el poder\u2026 y en una de \u00e9sas, llamar\u00edan a Ricardo a disciplinarse por el honor de la familia para que busque de nueva cuenta ser presidente municipal\u2026 por el PAN.<\/p>\n\n\n\n<p>\u00bfY a d\u00f3nde ir\u00eda Rodri? \u00a1Qui\u00e9n sabe! Ni modo que escenifique este Rodri un Ca\u00edn y Abel en P\u00e1nuco, o un R\u00f3mulo y Remo\u2026 o un Polinices y Eteocles\u2026 o un Atreo y Tieste\u2026 porque bonito se van a ver los Garc\u00eda compitiendo uno por el PAN, el otro por Morena\u2026 \u00a1ya nada m\u00e1s faltar\u00eda don Ricardo por el PRI!&nbsp;<\/p>\n\n\n\n<p>El asunto es Rodrigo y Eric Cisneros\u2026 el pacto que hizo con \u00e9l\u2026 sabe que conforme pase el tiempo y el secretario de Gobierno no ejerza, el poder mengua\u2026 por eso, hoy m\u00e1s que nunca, Rodrigo est\u00e1 m\u00e1s religioso y ora en espera de que Eric Cisneros se recupere pronto\u2026 \u00a1y no es el \u00fanico! Muchos morenos, algunos pri\u00edstas, ya vimos al panista, del PRD y m\u00e1s, se la jugaron con el secretario de Gobierno pero saben que de aqu\u00ed a un mes, o 40 d\u00edas, pueden pasar muchas cosas\u2026 pol\u00edticas\u2026<br><\/p>\n\n\n\n<p><a href=\"mailto:smcainito@gmail.com\" target=\"_blank\" rel=\"noreferrer noopener\">smcainito@gmail.com<\/a><\/p>\n","protected":false},"excerpt":{"rendered":"<p>Los Pol\u00edticos Salvador Mu\u00f1oz El caso de Eric Cisneros Burgos es digno de estudio pol\u00edtico, pero alejado de cualquier idea zopilotera o v\u00edsceras propias de quien habla con resentimiento y dej\u00f3 a un lado el argumento. As\u00ed, que nos vamos con tiento en aras de que se vea esto m\u00e1s con cabeza que con est\u00f3mago\u2026 [&hellip;]<\/p>\n","protected":false},"author":1,"featured_media":387,"comment_status":"open","ping_status":"open","sticky":false,"template":"","format":"standard","meta":{"_jetpack_memberships_contains_paid_content":false,"footnotes":""},"categories":[11],"tags":[],"class_list":["post-4273","post","type-post","status-publish","format-standard","has-post-thumbnail","hentry","category-opinion"],"jetpack_featured_media_url":"https:\/\/encuentroinformativo.com.mx\/wp-content\/uploads\/2020\/03\/7CF8A22B-2764-47BE-8F7F-38FE9E5D6A2F.jpeg","jetpack_sharing_enabled":true,"jetpack_likes_enabled":true,"amp_enabled":true,"_links":{"self":[{"href":"https:\/\/encuentroinformativo.com.mx\/index.php?rest_route=\/wp\/v2\/posts\/4273","targetHints":{"allow":["GET"]}}],"collection":[{"href":"https:\/\/encuentroinformativo.com.mx\/index.php?rest_route=\/wp\/v2\/posts"}],"about":[{"href":"https:\/\/encuentroinformativo.com.mx\/index.php?rest_route=\/wp\/v2\/types\/post"}],"author":[{"embeddable":true,"href":"https:\/\/encuentroinformativo.com.mx\/index.php?rest_route=\/wp\/v2\/users\/1"}],"replies":[{"embeddable":true,"href":"https:\/\/encuentroinformativo.com.mx\/index.php?rest_route=%2Fwp%2Fv2%2Fcomments&post=4273"}],"version-history":[{"count":1,"href":"https:\/\/encuentroinformativo.com.mx\/index.php?rest_route=\/wp\/v2\/posts\/4273\/revisions"}],"predecessor-version":[{"id":4274,"href":"https:\/\/encuentroinformativo.com.mx\/index.php?rest_route=\/wp\/v2\/posts\/4273\/revisions\/4274"}],"wp:featuredmedia":[{"embeddable":true,"href":"https:\/\/encuentroinformativo.com.mx\/index.php?rest_route=\/wp\/v2\/media\/387"}],"wp:attachment":[{"href":"https:\/\/encuentroinformativo.com.mx\/index.php?rest_route=%2Fwp%2Fv2%2Fmedia&parent=4273"}],"wp:term":[{"taxonomy":"category","embeddable":true,"href":"https:\/\/encuentroinformativo.com.mx\/index.php?rest_route=%2Fwp%2Fv2%2Fcategories&post=4273"},{"taxonomy":"post_tag","embeddable":true,"href":"https:\/\/encuentroinformativo.com.mx\/index.php?rest_route=%2Fwp%2Fv2%2Ftags&post=4273"}],"curies":[{"name":"wp","href":"https:\/\/api.w.org\/{rel}","templated":true}]}}