{"id":42732,"date":"2023-07-11T16:45:07","date_gmt":"2023-07-11T22:45:07","guid":{"rendered":"https:\/\/encuentroinformativo.com.mx\/?p=42732"},"modified":"2023-07-11T16:45:12","modified_gmt":"2023-07-11T22:45:12","slug":"demandan-respeto-para-eleccion-de-director-en-normal-suarez-trujillo","status":"publish","type":"post","link":"https:\/\/encuentroinformativo.com.mx\/?p=42732","title":{"rendered":"Demandan respeto para elecci\u00f3n de director en normal Su\u00e1rez Trujillo"},"content":{"rendered":"\n<p><strong>Dar\u00edo Pale <\/strong><\/p>\n\n\n\n<p>Xalapa, Ver.- Marchan por las principales calles de Xalapa despu\u00e9s de manifestarse en las instalaciones de la Secretar\u00eda de Educaci\u00f3n de Veracruz (SEV), docentes y estudiantes de la Escuela Normal Superior Veracruzana &#8220;Dr. Manuel Su\u00e1rez Trujillo&#8221;, y protestaron en la Plaza Lerdo para exigir respeto a los requisitos para la designaci\u00f3n del nuevo director.<\/p>\n\n\n\n<p>En entrevista, el profesor Pompeyo Lara Arriaga, explic\u00f3 que la propia direcci\u00f3n de Escuelas Normales no ha respetado el proceso de designaci\u00f3n de los aspirantes a dirigir la instituci\u00f3n.<\/p>\n\n\n\n<p>&#8220;Nos movilizamos a la SEV ya que ellos no nos escuchan ni nos dan ning\u00fan tipo de soluci\u00f3n a lo que pedimos. No s\u00f3lo somos docentes, tambi\u00e9n hay alumnos. Lo que queremos es que no se golpeen nuestros intereses y la convocatoria se siga al pie de la letra, ya que uno de los candidatos desginados no cumple con tres puntos&#8221;, se\u00f1al\u00f3.<\/p>\n\n\n\n<p>Sin embargo, la direcci\u00f3n de Escuelas Normales le est\u00e1 brindando el pase, mientras que otro de los aspirantes s\u00f3lo le falta uno de los requisitos y no le dieron oportunidad.<\/p>\n\n\n\n<p>Los inconformes exigieron que el titular de la SEV estuviera presente, ya que no les hab\u00edan informado que el director hab\u00eda dejado el cargo y no quieren que les suceda lo mismo que hace cuatro a\u00f1os que fue nombrado en un receso escolar.<\/p>\n\n\n\n<p>En otro orden de ideas se\u00f1alaron que los alumnos ya que vienen con la consigna de que la instituci\u00f3n est\u00e1 en una situacion deplorable y no tiene matr\u00edcula en lo que es su carrera por lo tanto cuando egresen no van a poder tener un t\u00edtulo y no van a poder participar por una plaza de docente.\u00a0<\/p>\n\n\n\n<p>Por ultimo el docente agreg\u00f3 que los estudiantes est\u00e1n en desacuerdo con la forma de dirigir la instituci\u00f3n.<\/p>\n\n\n\n<figure class=\"wp-block-image size-large\"><img loading=\"lazy\" decoding=\"async\" width=\"1024\" height=\"683\" src=\"https:\/\/encuentroinformativo.com.mx\/wp-content\/uploads\/2023\/07\/Photo_1689115068887-1024x683.jpg\" alt=\"\" class=\"wp-image-42734\" srcset=\"https:\/\/encuentroinformativo.com.mx\/wp-content\/uploads\/2023\/07\/Photo_1689115068887-1024x683.jpg 1024w, https:\/\/encuentroinformativo.com.mx\/wp-content\/uploads\/2023\/07\/Photo_1689115068887-300x200.jpg 300w, https:\/\/encuentroinformativo.com.mx\/wp-content\/uploads\/2023\/07\/Photo_1689115068887-768x512.jpg 768w, https:\/\/encuentroinformativo.com.mx\/wp-content\/uploads\/2023\/07\/Photo_1689115068887.jpg 1280w\" sizes=\"auto, (max-width: 1024px) 100vw, 1024px\" \/><\/figure>\n","protected":false},"excerpt":{"rendered":"<p>Dar\u00edo Pale Xalapa, Ver.- Marchan por las principales calles de Xalapa despu\u00e9s de manifestarse en las instalaciones de la Secretar\u00eda de Educaci\u00f3n de Veracruz (SEV), docentes y estudiantes de la Escuela Normal Superior Veracruzana &#8220;Dr. Manuel Su\u00e1rez Trujillo&#8221;, y protestaron en la Plaza Lerdo para exigir respeto a los requisitos para la designaci\u00f3n del nuevo [&hellip;]<\/p>\n","protected":false},"author":2476,"featured_media":42733,"comment_status":"open","ping_status":"open","sticky":false,"template":"","format":"standard","meta":{"_jetpack_memberships_contains_paid_content":false,"footnotes":""},"categories":[3],"tags":[],"class_list":["post-42732","post","type-post","status-publish","format-standard","has-post-thumbnail","hentry","category-xalapa"],"jetpack_featured_media_url":"https:\/\/encuentroinformativo.com.mx\/wp-content\/uploads\/2023\/07\/Photo_1689115026008.jpg","jetpack_sharing_enabled":true,"jetpack_likes_enabled":true,"amp_enabled":true,"_links":{"self":[{"href":"https:\/\/encuentroinformativo.com.mx\/index.php?rest_route=\/wp\/v2\/posts\/42732","targetHints":{"allow":["GET"]}}],"collection":[{"href":"https:\/\/encuentroinformativo.com.mx\/index.php?rest_route=\/wp\/v2\/posts"}],"about":[{"href":"https:\/\/encuentroinformativo.com.mx\/index.php?rest_route=\/wp\/v2\/types\/post"}],"author":[{"embeddable":true,"href":"https:\/\/encuentroinformativo.com.mx\/index.php?rest_route=\/wp\/v2\/users\/2476"}],"replies":[{"embeddable":true,"href":"https:\/\/encuentroinformativo.com.mx\/index.php?rest_route=%2Fwp%2Fv2%2Fcomments&post=42732"}],"version-history":[{"count":1,"href":"https:\/\/encuentroinformativo.com.mx\/index.php?rest_route=\/wp\/v2\/posts\/42732\/revisions"}],"predecessor-version":[{"id":42735,"href":"https:\/\/encuentroinformativo.com.mx\/index.php?rest_route=\/wp\/v2\/posts\/42732\/revisions\/42735"}],"wp:featuredmedia":[{"embeddable":true,"href":"https:\/\/encuentroinformativo.com.mx\/index.php?rest_route=\/wp\/v2\/media\/42733"}],"wp:attachment":[{"href":"https:\/\/encuentroinformativo.com.mx\/index.php?rest_route=%2Fwp%2Fv2%2Fmedia&parent=42732"}],"wp:term":[{"taxonomy":"category","embeddable":true,"href":"https:\/\/encuentroinformativo.com.mx\/index.php?rest_route=%2Fwp%2Fv2%2Fcategories&post=42732"},{"taxonomy":"post_tag","embeddable":true,"href":"https:\/\/encuentroinformativo.com.mx\/index.php?rest_route=%2Fwp%2Fv2%2Ftags&post=42732"}],"curies":[{"name":"wp","href":"https:\/\/api.w.org\/{rel}","templated":true}]}}