{"id":42740,"date":"2023-07-11T17:08:56","date_gmt":"2023-07-11T23:08:56","guid":{"rendered":"https:\/\/encuentroinformativo.com.mx\/?p=42740"},"modified":"2023-07-11T17:09:01","modified_gmt":"2023-07-11T23:09:01","slug":"lluvias-disminuyeron-incendios-forestales-en-zona-de-las-vigas","status":"publish","type":"post","link":"https:\/\/encuentroinformativo.com.mx\/?p=42740","title":{"rendered":"Lluvias disminuyeron incendios forestales en zona de Las Vigas"},"content":{"rendered":"\n<p><strong>Dar\u00edo Pale <\/strong><\/p>\n\n\n\n<p>Xalapa, Ver.- El presidente municipal de las Vigas de Ram\u00edrez, Jos\u00e9 de Jes\u00fas Landa dio a conocer que las \u00faltimas lluvias registradas en la zona centro del estado han evitado que haya nuevos incendios forestales en el municipio.\u00a0<\/p>\n\n\n\n<p>En entrevista se\u00f1al\u00f3 que durante el pasado mes de junio y con el paso de la ola de calor se registraron siete incendios que afectaron 26 hect\u00e1reas de bosque.\u00a0<\/p>\n\n\n\n<p>Destac\u00f3 la capacitaci\u00f3n que hizo la Secretar\u00eda de Medio Ambiente (Sedema) en el estado a las brigadas contra incendios en su municipio para responder a estos eventos provocados en su mayor\u00eda por quemas agr\u00edcolas.<\/p>\n\n\n\n<p>Finalmente se\u00f1al\u00f3 que, &#8220;contamos con una brigada municipal forestal que tiene capacitaci\u00f3n por parte de Sedema, ha funcionado, les ha servido mucho y ha evitado que los incendios se propaguen y generen m\u00e1s da\u00f1o. Varios de estos eventos fueron quemas agr\u00edcolas que se salieron de control y eso gener\u00f3 que se expandiera&#8221;.\u00a0<\/p>\n","protected":false},"excerpt":{"rendered":"<p>Dar\u00edo Pale Xalapa, Ver.- El presidente municipal de las Vigas de Ram\u00edrez, Jos\u00e9 de Jes\u00fas Landa dio a conocer que las \u00faltimas lluvias registradas en la zona centro del estado han evitado que haya nuevos incendios forestales en el municipio.\u00a0 En entrevista se\u00f1al\u00f3 que durante el pasado mes de junio y con el paso de [&hellip;]<\/p>\n","protected":false},"author":2476,"featured_media":42737,"comment_status":"open","ping_status":"open","sticky":false,"template":"","format":"standard","meta":{"_jetpack_memberships_contains_paid_content":false,"footnotes":""},"categories":[8],"tags":[],"class_list":["post-42740","post","type-post","status-publish","format-standard","has-post-thumbnail","hentry","category-region"],"jetpack_featured_media_url":"https:\/\/encuentroinformativo.com.mx\/wp-content\/uploads\/2023\/07\/IMG-20230711-WA0131.jpg","jetpack_sharing_enabled":true,"jetpack_likes_enabled":true,"amp_enabled":true,"_links":{"self":[{"href":"https:\/\/encuentroinformativo.com.mx\/index.php?rest_route=\/wp\/v2\/posts\/42740","targetHints":{"allow":["GET"]}}],"collection":[{"href":"https:\/\/encuentroinformativo.com.mx\/index.php?rest_route=\/wp\/v2\/posts"}],"about":[{"href":"https:\/\/encuentroinformativo.com.mx\/index.php?rest_route=\/wp\/v2\/types\/post"}],"author":[{"embeddable":true,"href":"https:\/\/encuentroinformativo.com.mx\/index.php?rest_route=\/wp\/v2\/users\/2476"}],"replies":[{"embeddable":true,"href":"https:\/\/encuentroinformativo.com.mx\/index.php?rest_route=%2Fwp%2Fv2%2Fcomments&post=42740"}],"version-history":[{"count":1,"href":"https:\/\/encuentroinformativo.com.mx\/index.php?rest_route=\/wp\/v2\/posts\/42740\/revisions"}],"predecessor-version":[{"id":42741,"href":"https:\/\/encuentroinformativo.com.mx\/index.php?rest_route=\/wp\/v2\/posts\/42740\/revisions\/42741"}],"wp:featuredmedia":[{"embeddable":true,"href":"https:\/\/encuentroinformativo.com.mx\/index.php?rest_route=\/wp\/v2\/media\/42737"}],"wp:attachment":[{"href":"https:\/\/encuentroinformativo.com.mx\/index.php?rest_route=%2Fwp%2Fv2%2Fmedia&parent=42740"}],"wp:term":[{"taxonomy":"category","embeddable":true,"href":"https:\/\/encuentroinformativo.com.mx\/index.php?rest_route=%2Fwp%2Fv2%2Fcategories&post=42740"},{"taxonomy":"post_tag","embeddable":true,"href":"https:\/\/encuentroinformativo.com.mx\/index.php?rest_route=%2Fwp%2Fv2%2Ftags&post=42740"}],"curies":[{"name":"wp","href":"https:\/\/api.w.org\/{rel}","templated":true}]}}