{"id":4275,"date":"2020-07-21T11:22:15","date_gmt":"2020-07-21T16:22:15","guid":{"rendered":"https:\/\/encuentroinformativo.com\/?p=4275"},"modified":"2020-07-21T11:22:18","modified_gmt":"2020-07-21T16:22:18","slug":"sin-condiciones-para-realizar-cambios-en-actopan-diputado","status":"publish","type":"post","link":"https:\/\/encuentroinformativo.com.mx\/?p=4275","title":{"rendered":"Sin condiciones para realizar cambios en Actopan: Diputado"},"content":{"rendered":"\n<p><strong>Dar\u00edo Pale <\/strong><\/p>\n\n\n\n<p>Xalapa, Ver.- No ser\u00e1 tan f\u00e1cil que el alcalde suplente de Actopan, Jos\u00e9 Alfredo L\u00f3pez Carreto, tome protesta &#8220;porque no hay condiciones&#8221;, as\u00ed lo dio a conocer el diputado local del PRI y Secretario de la mesa directiva del congreso, Jorge Moreno Salinas.<\/p>\n\n\n\n<p>En entrevista dio a conocer que habr\u00e1 una revisi\u00f3n de la situaci\u00f3n &#8220;vamos a revisar si hay las condiciones para acatar la disposici\u00f3n, una disposici\u00f3n legal tambi\u00e9n tiene que tener las condiciones para aplicar y en este momento la decisi\u00f3n que se tom\u00f3 con anterioridad es correcta\u201d.<\/p>\n\n\n\n<p>Lo anterior se debe a que este pasado viernes, la Sala Regional Xalapa determin\u00f3 que el presidente municipal propietario de Actopan contin\u00fae en el cargo para el cual fue electo, en caso contrario, deber\u00e1 de llamar al alcalde suplente, Jos\u00e9 Alfredo L\u00f3pez Carreto en 10 d\u00edas .<\/p>\n\n\n\n<p>El legislador pri\u00edsta, apunt\u00f3 que en los pr\u00f3ximos d\u00edas habr\u00e1 una reuni\u00f3n &#8220;para ver lo que sigue y estar\u00edamos en una revisi\u00f3n, porque no vamos a poner en riesgo la tranquilidad del municipio&#8221;.<\/p>\n\n\n\n<p>Finalmente Moreno Salinas, insisti\u00f3 en calificar como grave la situaci\u00f3n en Actopan &#8220;no hablo de la persona y el alcalde actual est\u00e1 funcionando bien de momento\u201d, el \u00a0regidor Eduardo Carranza Barradas, es el alcalde interino de Actopan.<\/p>\n\n\n\n<p><\/p>\n\n\n\n<p><\/p>\n","protected":false},"excerpt":{"rendered":"<p>Dar\u00edo Pale Xalapa, Ver.- No ser\u00e1 tan f\u00e1cil que el alcalde suplente de Actopan, Jos\u00e9 Alfredo L\u00f3pez Carreto, tome protesta &#8220;porque no hay condiciones&#8221;, as\u00ed lo dio a conocer el diputado local del PRI y Secretario de la mesa directiva del congreso, Jorge Moreno Salinas. En entrevista dio a conocer que habr\u00e1 una revisi\u00f3n de [&hellip;]<\/p>\n","protected":false},"author":1,"featured_media":4276,"comment_status":"open","ping_status":"open","sticky":false,"template":"","format":"standard","meta":{"_jetpack_memberships_contains_paid_content":false,"footnotes":""},"categories":[8],"tags":[],"class_list":["post-4275","post","type-post","status-publish","format-standard","has-post-thumbnail","hentry","category-region"],"jetpack_featured_media_url":"https:\/\/encuentroinformativo.com.mx\/wp-content\/uploads\/2020\/07\/AF567F79-7C5B-4E97-9CD7-323A2C83701F.jpeg","jetpack_sharing_enabled":true,"jetpack_likes_enabled":true,"amp_enabled":true,"_links":{"self":[{"href":"https:\/\/encuentroinformativo.com.mx\/index.php?rest_route=\/wp\/v2\/posts\/4275","targetHints":{"allow":["GET"]}}],"collection":[{"href":"https:\/\/encuentroinformativo.com.mx\/index.php?rest_route=\/wp\/v2\/posts"}],"about":[{"href":"https:\/\/encuentroinformativo.com.mx\/index.php?rest_route=\/wp\/v2\/types\/post"}],"author":[{"embeddable":true,"href":"https:\/\/encuentroinformativo.com.mx\/index.php?rest_route=\/wp\/v2\/users\/1"}],"replies":[{"embeddable":true,"href":"https:\/\/encuentroinformativo.com.mx\/index.php?rest_route=%2Fwp%2Fv2%2Fcomments&post=4275"}],"version-history":[{"count":1,"href":"https:\/\/encuentroinformativo.com.mx\/index.php?rest_route=\/wp\/v2\/posts\/4275\/revisions"}],"predecessor-version":[{"id":4277,"href":"https:\/\/encuentroinformativo.com.mx\/index.php?rest_route=\/wp\/v2\/posts\/4275\/revisions\/4277"}],"wp:featuredmedia":[{"embeddable":true,"href":"https:\/\/encuentroinformativo.com.mx\/index.php?rest_route=\/wp\/v2\/media\/4276"}],"wp:attachment":[{"href":"https:\/\/encuentroinformativo.com.mx\/index.php?rest_route=%2Fwp%2Fv2%2Fmedia&parent=4275"}],"wp:term":[{"taxonomy":"category","embeddable":true,"href":"https:\/\/encuentroinformativo.com.mx\/index.php?rest_route=%2Fwp%2Fv2%2Fcategories&post=4275"},{"taxonomy":"post_tag","embeddable":true,"href":"https:\/\/encuentroinformativo.com.mx\/index.php?rest_route=%2Fwp%2Fv2%2Ftags&post=4275"}],"curies":[{"name":"wp","href":"https:\/\/api.w.org\/{rel}","templated":true}]}}