{"id":42752,"date":"2023-07-12T11:39:39","date_gmt":"2023-07-12T17:39:39","guid":{"rendered":"https:\/\/encuentroinformativo.com.mx\/?p=42752"},"modified":"2023-07-12T11:40:11","modified_gmt":"2023-07-12T17:40:11","slug":"en-busca-de-osmar-sus-padres-recorren-comunidades","status":"publish","type":"post","link":"https:\/\/encuentroinformativo.com.mx\/?p=42752","title":{"rendered":"En busca de Osmar, sus padres recorren comunidades"},"content":{"rendered":"\n<p><strong>Juan Arcos <\/strong><\/p>\n\n\n\n<p>Xalapa, Ver.- Osmar Guadalupe Torres Cabrera, de 17 a\u00f1os, desapareci\u00f3 el pasado 5 de marzo en la colonia Plan de Ayala, municipio de Tihuatl\u00e1n, al norte de Veracruz, una zona golpeada por una ola de violencia desde que inici\u00f3 este a\u00f1o. Sus padres est\u00e1n destrozados, a\u00fan no saben nada de su \u201cpeque\u00f1o\u201d y por ello recorren comunidades con su fotograf\u00eda para localizarlo.<\/p>\n\n\n\n<p>Marcelo Guadalupe Torres L\u00f3pez y su esposa Sujey Cabrera Cruz, acudieron a Palacio de Gobierno, la ma\u00f1ana del martes 11 de julio, en la ciudad de Xalapa, para reunirse con representantes de la Comisi\u00f3n Estatal de B\u00fasqueda y dar seguimiento al caso.<\/p>\n\n\n\n<p>A Marcelo le entra el sentimiento cuando recuerda que su hijo lleva m\u00e1s de cuatro meses desaparecido y a la fecha no hay rastros de \u00e9l. Osmar, desde peque\u00f1o, auxiliaba a su padre en los trabajos de alba\u00f1iler\u00eda.<\/p>\n\n\n\n<p>\u201cEs muy preocupante, muy duro. Estos cuatro meses que han pasado han sido los peores meses de mi vida, pido ayuda al gobernador Cuitl\u00e1huac Garc\u00eda Jim\u00e9nez, por eso vinimos a Xalapa, al presidente de la Rep\u00fablica, Andr\u00e9s Manuel L\u00f3pez Obrador, a los medios de comunicaci\u00f3n, que nos apoyen\u201d.<\/p>\n\n\n\n<p>Teme que el menor haya sido v\u00edctima de un delito, pues Tihuatl\u00e1n est\u00e1 pegado a Poza Rica, solo los divide un puente, y en esa ciudad petrolera han sido constantes las masacres en bares, el hallazgo de cuerpos mutilados, las balaceras y las desapariciones forzadas.<\/p>\n\n\n\n<p>El joven sali\u00f3 de casa cerca de las 13:30 horas. Dijo a sus familiares que se ausentar\u00eda solo un rato pero hasta el momento no ha vuelto y sus padres, angustiados, ya no saben qu\u00e9 m\u00e1s hacer para encontrarlo con vida.<\/p>\n\n\n\n<p>Ese domingo por la tarde, el se\u00f1or estuvo llam\u00e1ndole por tel\u00e9fono y envi\u00e1ndole varios mensajes v\u00eda WhatsApp, pero no tuvo respuesta. Empez\u00f3 a indagar y le dijeron haberlo visto en una tienda OXXO, de la colonia Plan de Ayala, aproximadamente a las 23:00 horas, con dos de sus amigos.<\/p>\n\n\n\n<p>Sin embargo, las autoridades ni siquiera pudieron acceder a las im\u00e1genes de las c\u00e1maras de videovigilancia en dicha tienda de autoservicio, material que era clave para esclarecer el caso.<br>Sus padres han recorrido diversas comunidades con la fotograf\u00eda de su hijo Osmar y tambi\u00e9n han indagado con conocidos y amigos para saber qu\u00e9 pudo haberle ocurrido.<\/p>\n\n\n\n<p>Marcelo y Sujey han caminado en las localidades La Bomba, Copal, \u00darsulo Galv\u00e1n y Plan de Ayala, pertenecientes al municipio de Tihuatl\u00e1n, y han llegado hasta la comunidad La Mesa de Metlaltoyuca, estado de Puebla, donde han repartido volantes y pegado carteles con los generales y la fotograf\u00eda de su hijo.<\/p>\n\n\n\n<p>Marcelo indica que no hay avances en la investigaci\u00f3n de este caso porque la Agencia del Ministerio P\u00fablico Investigador Regional en Tihuatl\u00e1n est\u00e1 rebasada, pues solo cuenta con tres polic\u00edas ministeriales y dos administrativos para atender todas las denuncias interpuestas en la zona.<\/p>\n\n\n\n<p>Osmar es un joven alegre, fan\u00e1tico y jugador de f\u00fatbol soccer, auxiliar de alba\u00f1iler\u00eda y cercano a su familia. Desde un tiempo a la fecha comenz\u00f3 a frecuentar la zona de antros en la avenida 20 de Noviembre, en Poza Rica, donde han sido constantes las quejas ciudadanas por la venta de droga.<\/p>\n\n\n\n<p>\u201cPero yo no not\u00e9 ning\u00fan cambio en mi hijo. No hemos podido hablar con el gobernador, quiero confiar en la buena voluntad de sus empleados, en esta ocasi\u00f3n nos trataron muy bien, pero si no nos apoyan haremos una huelga o un paro para tratar de hablar con el gobernador\u201d, relat\u00f3 Marcelo.<\/p>\n\n\n\n<p>Marcelo y Sujey se sumaron al colectivo de b\u00fasqueda \u201cMar\u00eda Herrera\u201d del municipio de Poza Rica, donde tambi\u00e9n participan en diversas acciones para visibilizar el problema de las desapariciones de personas y sumarse a las b\u00fasquedas.<\/p>\n","protected":false},"excerpt":{"rendered":"<p>Juan Arcos Xalapa, Ver.- Osmar Guadalupe Torres Cabrera, de 17 a\u00f1os, desapareci\u00f3 el pasado 5 de marzo en la colonia Plan de Ayala, municipio de Tihuatl\u00e1n, al norte de Veracruz, una zona golpeada por una ola de violencia desde que inici\u00f3 este a\u00f1o. Sus padres est\u00e1n destrozados, a\u00fan no saben nada de su \u201cpeque\u00f1o\u201d y [&hellip;]<\/p>\n","protected":false},"author":2476,"featured_media":42753,"comment_status":"open","ping_status":"open","sticky":false,"template":"","format":"standard","meta":{"_jetpack_memberships_contains_paid_content":false,"footnotes":""},"categories":[2],"tags":[],"class_list":["post-42752","post","type-post","status-publish","format-standard","has-post-thumbnail","hentry","category-estado"],"jetpack_featured_media_url":"https:\/\/encuentroinformativo.com.mx\/wp-content\/uploads\/2023\/07\/IMG_8693.jpg","jetpack_sharing_enabled":true,"jetpack_likes_enabled":true,"amp_enabled":true,"_links":{"self":[{"href":"https:\/\/encuentroinformativo.com.mx\/index.php?rest_route=\/wp\/v2\/posts\/42752","targetHints":{"allow":["GET"]}}],"collection":[{"href":"https:\/\/encuentroinformativo.com.mx\/index.php?rest_route=\/wp\/v2\/posts"}],"about":[{"href":"https:\/\/encuentroinformativo.com.mx\/index.php?rest_route=\/wp\/v2\/types\/post"}],"author":[{"embeddable":true,"href":"https:\/\/encuentroinformativo.com.mx\/index.php?rest_route=\/wp\/v2\/users\/2476"}],"replies":[{"embeddable":true,"href":"https:\/\/encuentroinformativo.com.mx\/index.php?rest_route=%2Fwp%2Fv2%2Fcomments&post=42752"}],"version-history":[{"count":1,"href":"https:\/\/encuentroinformativo.com.mx\/index.php?rest_route=\/wp\/v2\/posts\/42752\/revisions"}],"predecessor-version":[{"id":42754,"href":"https:\/\/encuentroinformativo.com.mx\/index.php?rest_route=\/wp\/v2\/posts\/42752\/revisions\/42754"}],"wp:featuredmedia":[{"embeddable":true,"href":"https:\/\/encuentroinformativo.com.mx\/index.php?rest_route=\/wp\/v2\/media\/42753"}],"wp:attachment":[{"href":"https:\/\/encuentroinformativo.com.mx\/index.php?rest_route=%2Fwp%2Fv2%2Fmedia&parent=42752"}],"wp:term":[{"taxonomy":"category","embeddable":true,"href":"https:\/\/encuentroinformativo.com.mx\/index.php?rest_route=%2Fwp%2Fv2%2Fcategories&post=42752"},{"taxonomy":"post_tag","embeddable":true,"href":"https:\/\/encuentroinformativo.com.mx\/index.php?rest_route=%2Fwp%2Fv2%2Ftags&post=42752"}],"curies":[{"name":"wp","href":"https:\/\/api.w.org\/{rel}","templated":true}]}}