{"id":42764,"date":"2023-07-12T13:30:50","date_gmt":"2023-07-12T19:30:50","guid":{"rendered":"https:\/\/encuentroinformativo.com.mx\/?p=42764"},"modified":"2023-07-12T13:30:54","modified_gmt":"2023-07-12T19:30:54","slug":"veracruz-puerto-sede-de-la-exposicion-de-world-press-photo-resiliencia","status":"publish","type":"post","link":"https:\/\/encuentroinformativo.com.mx\/?p=42764","title":{"rendered":"Veracruz puerto sede de la exposici\u00f3n de World Press Photo \u201cResiliencia\u201d"},"content":{"rendered":"\n<p><strong>Alejandro \u00c1vila<\/strong><\/p>\n\n\n\n<p>Veracruz, Ver.- La fundaci\u00f3n de los Pa\u00edses Bajos, <em>World Press Photo<\/em> en conjunto con el Ayuntamiento de Veracruz, presentar\u00e1n por primera vez en la ciudad la exposici\u00f3n &#8220;Resilencia: Historia de Mujeres que Inspiran el Cambio.<\/p>\n\n\n\n<p>Esta muestra es una selecci\u00f3n de historias premiadas en los concursos que que ha realizado la fundaci\u00f3n Durante los a\u00f1os 2000 a 2021.<\/p>\n\n\n\n<p>Cabe destacar que, este evento se llevar\u00e1 a cabo en el marco del Festival Internacional de Fotograf\u00eda Period\u00edstica y Documental \u201cMirar Distinto\u201d; por lo que la exposici\u00f3n se montar\u00e1 en el Museo de la ciudad de Veracruz, del 9 de agosto al 6 de octubre de 2023.<\/p>\n\n\n\n<p>Esta exposici\u00f3n conjunta transmite el compromiso de los Pa\u00edses Bajos con los derechos de las mujeres, la igualdad y la justicia de g\u00e9nero.<\/p>\n\n\n\n<p>M\u00faltiples voces, documentadas por 17 fot\u00f3grafas y fot\u00f3grafos de 13 nacionalidades ofrecen informaci\u00f3n sobre temas que incluyen el sexismo, la violencia de g\u00e9nero, los derechos reproductivos y el acceso a la igualdad de oportunidades.&nbsp;<\/p>\n\n\n\n<p>La selecci\u00f3n de historias explora c\u00f3mo han evolucionado las mujeres y los temas de g\u00e9nero en el siglo XXI y como se ha desarrollado el fotoperiodismo en las formas de retratarlas.<\/p>\n\n\n\n<p>La igualdad de g\u00e9nero y la justicia es un tema sensible para Veracruz, uno de los estados con m\u00e1s casos de violencia feminicida.<\/p>\n\n\n\n<p>Si bien, la seguridad e igualdad es un derecho humano fundamental cr\u00edtico para apoyar sociedades cohesionadas, las mujeres de todo el mundo enfrentan una desigualdad profundamente arraigada y siguen estando subrepresentadas en los roles pol\u00edticos y econ\u00f3micos. En todo el mundo en 2021, las mujeres representaban s\u00f3lo el 26.1 por ciento de unos 35 mil 500 esca\u00f1os parlamentarios, solo el 22.6 por ciento de m\u00e1s de 3 mil 400 ministros, y el 27 por ciento de todos los puestos directivos.&nbsp;<\/p>\n\n\n\n<p>La violencia contra las mujeres prevalece como un grave problema mundial de salud y protecci\u00f3n. Se estima que una de cada tres mujeres experimentar\u00e1 abuso f\u00edsico o sexual en su vida.<\/p>\n\n\n\n<p>Entre los trabajos que se mostrar\u00e1n en la exposici\u00f3n de World Press Photo \u201cResiliencia\u201d, se encuentran&nbsp; \u201cFinding Freedom in the Water\u201d de Anna Boyiazis, en la que comparte la historia de estudiantes de la escuela primaria Kijini que aprenden a nadar y realizar rescates en el Oc\u00e9ano \u00cdndico, frente a la playa de Muyuni, Zanz\u00edbar.&nbsp; Tradicionalmente, se ha disuadido a las ni\u00f1as del archipi\u00e9lago de Zanz\u00edbar a nadar, en gran parte debido a la ausencia de trajes de ba\u00f1o modestos.<\/p>\n\n\n\n<p>A trav\u00e9s de \u201cCrying for Freedom de Forough\u201d Alaei document\u00f3 a las aficionadas a las que se les restringe el ingreso a los estadios de f\u00fatbol en Ir\u00e1n y se disfrazaron de hombres para ingresar a los estadios y defender los derechos de las mujeres.<\/p>\n\n\n\n<p>La historia \u201cThe Promise de Irina Werning\u201d, sigue a Antonella, una menor quien vive en Buenos Aires, Argentina, y prometi\u00f3 cortarse el cabello largo solo cuando pudiera reanudar las clases presenciales en la escuela, que hab\u00edan sido suspendidas como resultado de la pandemia de COVID-19. Antonella dijo que estaba ofreciendo su tesoro m\u00e1s preciado a cambio de recuperar su vida escolar.<\/p>\n\n\n\n<p>Otros fot\u00f3grafos destacados en esta exposici\u00f3n incluyen a Finbarr O&#8217;Reilly, Maika Elan, Catalina Martin-Chico, Pablo Tosco, Olivia Harris, Terrell Groggins, Jonathan Bachman, Heba Khamis, Daniel Berehulak, Robin Hammond, Diana Markosian, Jan Grarup, Magnus Wennman, y Fulvio Bugani.<\/p>\n\n\n\n<p>La exposici\u00f3n Resiliencia, ser\u00e1 abierta al p\u00fablico para recorrerla en el patio central del Museo de la Ciudad de Veracruz, con la presencia del embajador del Reino de los Pa\u00edses Bajos en M\u00e9xico, Wilfred Mohr, la alcaldesa de Veracruz, Patricia Lobeira Rodr\u00edguez y las y los productores del Festival Internacional de Fotograf\u00eda \u201cMirar Distinto\u201d.<\/p>\n","protected":false},"excerpt":{"rendered":"<p>Alejandro \u00c1vila Veracruz, Ver.- La fundaci\u00f3n de los Pa\u00edses Bajos, World Press Photo en conjunto con el Ayuntamiento de Veracruz, presentar\u00e1n por primera vez en la ciudad la exposici\u00f3n &#8220;Resilencia: Historia de Mujeres que Inspiran el Cambio. Esta muestra es una selecci\u00f3n de historias premiadas en los concursos que que ha realizado la fundaci\u00f3n Durante [&hellip;]<\/p>\n","protected":false},"author":2476,"featured_media":42765,"comment_status":"open","ping_status":"open","sticky":false,"template":"","format":"standard","meta":{"_jetpack_memberships_contains_paid_content":false,"footnotes":""},"categories":[2],"tags":[],"class_list":["post-42764","post","type-post","status-publish","format-standard","has-post-thumbnail","hentry","category-estado"],"jetpack_featured_media_url":"https:\/\/encuentroinformativo.com.mx\/wp-content\/uploads\/2023\/07\/IMG-20230712-WA0068.jpg","jetpack_sharing_enabled":true,"jetpack_likes_enabled":true,"amp_enabled":true,"_links":{"self":[{"href":"https:\/\/encuentroinformativo.com.mx\/index.php?rest_route=\/wp\/v2\/posts\/42764","targetHints":{"allow":["GET"]}}],"collection":[{"href":"https:\/\/encuentroinformativo.com.mx\/index.php?rest_route=\/wp\/v2\/posts"}],"about":[{"href":"https:\/\/encuentroinformativo.com.mx\/index.php?rest_route=\/wp\/v2\/types\/post"}],"author":[{"embeddable":true,"href":"https:\/\/encuentroinformativo.com.mx\/index.php?rest_route=\/wp\/v2\/users\/2476"}],"replies":[{"embeddable":true,"href":"https:\/\/encuentroinformativo.com.mx\/index.php?rest_route=%2Fwp%2Fv2%2Fcomments&post=42764"}],"version-history":[{"count":1,"href":"https:\/\/encuentroinformativo.com.mx\/index.php?rest_route=\/wp\/v2\/posts\/42764\/revisions"}],"predecessor-version":[{"id":42766,"href":"https:\/\/encuentroinformativo.com.mx\/index.php?rest_route=\/wp\/v2\/posts\/42764\/revisions\/42766"}],"wp:featuredmedia":[{"embeddable":true,"href":"https:\/\/encuentroinformativo.com.mx\/index.php?rest_route=\/wp\/v2\/media\/42765"}],"wp:attachment":[{"href":"https:\/\/encuentroinformativo.com.mx\/index.php?rest_route=%2Fwp%2Fv2%2Fmedia&parent=42764"}],"wp:term":[{"taxonomy":"category","embeddable":true,"href":"https:\/\/encuentroinformativo.com.mx\/index.php?rest_route=%2Fwp%2Fv2%2Fcategories&post=42764"},{"taxonomy":"post_tag","embeddable":true,"href":"https:\/\/encuentroinformativo.com.mx\/index.php?rest_route=%2Fwp%2Fv2%2Ftags&post=42764"}],"curies":[{"name":"wp","href":"https:\/\/api.w.org\/{rel}","templated":true}]}}