{"id":42767,"date":"2023-07-12T13:33:38","date_gmt":"2023-07-12T19:33:38","guid":{"rendered":"https:\/\/encuentroinformativo.com.mx\/?p=42767"},"modified":"2023-07-12T13:33:42","modified_gmt":"2023-07-12T19:33:42","slug":"nueva-ley-de-proteccion-policial-es-refrito-de-ultrajes-acusan-abogados","status":"publish","type":"post","link":"https:\/\/encuentroinformativo.com.mx\/?p=42767","title":{"rendered":"Nueva ley de protecci\u00f3n policial es &#8220;refrito&#8221; de ultrajes, acusan abogados"},"content":{"rendered":"\n<p><strong>Alejandro \u00c1vila<\/strong><\/p>\n\n\n\n<p>Veracruz, Ver.- La nueva ley de protecci\u00f3n a corporaciones policiales es solo un &#8220;refrito&#8221; de la de ultrajes a la autoridad, misma que ya ha sido invalidada por la Suprema Corte de Justicia de la Naci\u00f3n, denunci\u00f3 la Barra de Licenciados en Derecho en el Sistema Penal Acusatorio del Estado de Veracruz.<\/p>\n\n\n\n<p>Esta nueva ley promovida en el Congreso de Veracruz, impondr\u00eda una pena entre los 7 y 15 a\u00f1os a quienes sean culpables de presuntamente haber agredido a los elementos seguridad p\u00fablica, dijo Cristian Rafael G\u00f3mez Zacar\u00edas, presidente de dicha barra.<\/p>\n\n\n\n<p>&#8220;Lo que propuso el gobierno fue la creaci\u00f3n precisamente de &#8216;un refrito&#8217;, en lugar de ultrajes a la autoridad, qued\u00f3 un delito contemplado en nuestro c\u00f3digo penal como Delitos cometidos en contra de instituciones de seguridad p\u00fablica, precisamente previsto en el art\u00edculo 371 del c\u00f3digo penal del estado de Veracruz .<\/p>\n\n\n\n<p>&#8220;Lo m\u00e1s severo es que es una pena de siete a quince a\u00f1os de prisi\u00f3n, por lo que no se le puede otorgar ning\u00fan tipo de beneficio, ni siquiera un procedimiento abreviado que es cuando la persona reconoce su culpa con la oportunidad de una reducci\u00f3n de pena&#8221;, manifest\u00f3 el entrevistado.<\/p>\n\n\n\n<p>Se\u00f1al\u00f3 que se reciben al rededor de 20 casos por mes de este tipo de casos en los que la Fiscal\u00eda General del Estado busca imputar este delito para poder mantenerlos tras las rejas al estar sujeto a interpretaci\u00f3n.<\/p>\n\n\n\n<p>Dijo que los fiscales son quienes pueden considerar desde una palabra altisonante hasta una agresi\u00f3n f\u00edsica contra alg\u00fan elemento de las fuerzas del orden p\u00fablico a su propio criterio, para buscar la imputaci\u00f3n de este delito contra alguna persona.<\/p>\n\n\n\n<p>&#8220;Ese art\u00edculo contempla que que si provocase una lesi\u00f3n que ponga en riesgo la vida del elemento o la pierda, pues ser\u00e1 esa pena, est\u00e1 previendo algo a futuro y no algo concreto como una lesi\u00f3n, est\u00e1 dando la oportunidad precisamente a que no se realice una interpretaci\u00f3n correcta de este numeral (art\u00edculo).<\/p>\n\n\n\n<p>&#8220;Simple y sencillamente este numeral precisamente es un tipo penal abierto \u00bfque es eso? Que lo pueden cuadrar a como ellos decidan, desde la fiscal\u00eda en su imputaci\u00f3n, hasta el juez de control en un dictado de vinculaci\u00f3n a proceso&#8221;, enfatiz\u00f3 G\u00f3mez Zacar\u00edas.<\/p>\n\n\n\n<p>Pese a que la Suprema Corte de Justicia de la Naci\u00f3n ya hab\u00eda invalidado esta ley, los congresistas veracruzanos han buscado revivirla bajo otro nombre, pero con el mismo objetivo, por lo que la barra hizo un llamado para que de nueva cuenta quede derogada.<\/p>\n\n\n\n<p>El abogado inform\u00f3 que un claro ejemplo puso el caso de una se\u00f1ora identificada como Vicenta &#8220;N&#8221;, madre de tres hijos, uno de ellos reci\u00e9n nacido, quien permanece presa por este delito en un penal de la ciudad de Acayucan.<\/p>\n\n\n\n<p>Consider\u00f3 que le fabricar\u00edan esa imputaci\u00f3n para presionar a su esposo, el cual era a quien la polic\u00eda ministerial buscaba en esa ocasi\u00f3n, pero presuntamente la se\u00f1ora quiso atacar a los detectives con un arma blanca y ahora la mantienen tras las rejas para obligarlo a entregarse de acuerdo al entrevistado.<\/p>\n","protected":false},"excerpt":{"rendered":"<p>Alejandro \u00c1vila Veracruz, Ver.- La nueva ley de protecci\u00f3n a corporaciones policiales es solo un &#8220;refrito&#8221; de la de ultrajes a la autoridad, misma que ya ha sido invalidada por la Suprema Corte de Justicia de la Naci\u00f3n, denunci\u00f3 la Barra de Licenciados en Derecho en el Sistema Penal Acusatorio del Estado de Veracruz. Esta [&hellip;]<\/p>\n","protected":false},"author":2476,"featured_media":42768,"comment_status":"open","ping_status":"open","sticky":false,"template":"","format":"standard","meta":{"_jetpack_memberships_contains_paid_content":false,"footnotes":""},"categories":[2],"tags":[],"class_list":["post-42767","post","type-post","status-publish","format-standard","has-post-thumbnail","hentry","category-estado"],"jetpack_featured_media_url":"https:\/\/encuentroinformativo.com.mx\/wp-content\/uploads\/2023\/07\/IMG-20230712-WA0072.jpg","jetpack_sharing_enabled":true,"jetpack_likes_enabled":true,"amp_enabled":true,"_links":{"self":[{"href":"https:\/\/encuentroinformativo.com.mx\/index.php?rest_route=\/wp\/v2\/posts\/42767","targetHints":{"allow":["GET"]}}],"collection":[{"href":"https:\/\/encuentroinformativo.com.mx\/index.php?rest_route=\/wp\/v2\/posts"}],"about":[{"href":"https:\/\/encuentroinformativo.com.mx\/index.php?rest_route=\/wp\/v2\/types\/post"}],"author":[{"embeddable":true,"href":"https:\/\/encuentroinformativo.com.mx\/index.php?rest_route=\/wp\/v2\/users\/2476"}],"replies":[{"embeddable":true,"href":"https:\/\/encuentroinformativo.com.mx\/index.php?rest_route=%2Fwp%2Fv2%2Fcomments&post=42767"}],"version-history":[{"count":1,"href":"https:\/\/encuentroinformativo.com.mx\/index.php?rest_route=\/wp\/v2\/posts\/42767\/revisions"}],"predecessor-version":[{"id":42769,"href":"https:\/\/encuentroinformativo.com.mx\/index.php?rest_route=\/wp\/v2\/posts\/42767\/revisions\/42769"}],"wp:featuredmedia":[{"embeddable":true,"href":"https:\/\/encuentroinformativo.com.mx\/index.php?rest_route=\/wp\/v2\/media\/42768"}],"wp:attachment":[{"href":"https:\/\/encuentroinformativo.com.mx\/index.php?rest_route=%2Fwp%2Fv2%2Fmedia&parent=42767"}],"wp:term":[{"taxonomy":"category","embeddable":true,"href":"https:\/\/encuentroinformativo.com.mx\/index.php?rest_route=%2Fwp%2Fv2%2Fcategories&post=42767"},{"taxonomy":"post_tag","embeddable":true,"href":"https:\/\/encuentroinformativo.com.mx\/index.php?rest_route=%2Fwp%2Fv2%2Ftags&post=42767"}],"curies":[{"name":"wp","href":"https:\/\/api.w.org\/{rel}","templated":true}]}}