{"id":42770,"date":"2023-07-12T13:51:00","date_gmt":"2023-07-12T19:51:00","guid":{"rendered":"https:\/\/encuentroinformativo.com.mx\/?p=42770"},"modified":"2023-07-12T13:51:05","modified_gmt":"2023-07-12T19:51:05","slug":"ni-me-encarto-ni-me-descarto-eric-cisneros","status":"publish","type":"post","link":"https:\/\/encuentroinformativo.com.mx\/?p=42770","title":{"rendered":"Ni me encarto, ni me descarto: Eric Cisneros"},"content":{"rendered":"\n<p><strong>Dar\u00edo Pale <\/strong><\/p>\n\n\n\n<p>Xalapa, Ver.- El Secretario de gobierno Eric Cisneros Burgos dijo que ni se encarta ni se descarta para el proceso del 24, y los espectaculares y la promoci\u00f3n la ha puesto la gente de las regiones, a esos hay que preguntar cu\u00e1nto se han gastado.<\/p>\n\n\n\n<p>En entrevista respecto del gasto que se ha hecho de espectaculares, bardas, entre otros, para promocionar su imagen y que han cuestionado algunas voces al interior de Morena, respondi\u00f3 que seguramente lo hacen porque no cuentan con la simpat\u00eda de la gente.<\/p>\n\n\n\n<p>&#8220;Nosotros, en este proceso ha habido mucha gente, much\u00edsima, que comparte este movimiento que tiene que ver con el reconocimiento de los derechos plenos de los afrodescendientes.<br>Quien no entiende esto no conoce la historia de Veracruz y porque no conoce la historia de la esclavitud, no lo entiende y tendr\u00eda que tomar un buen curso de historia de lo que Veracruz ha representado a lo largo de la historia&#8221;, enfatiz\u00f3.<\/p>\n\n\n\n<p>Aunque el gobernador Cuitl\u00e1huac Garc\u00eda Jim\u00e9nez dijo este martes que no buscar\u00e1 la candidatura la gubernatura de Veracruz con base una decisi\u00f3n que ya hab\u00eda tomado, ahora admiti\u00f3 que podr\u00eda buscar alguno otro.<\/p>\n\n\n\n<p>En otro orden de ideas defini\u00f3 que no se encarta ni se descarta para alg\u00fan puesto de elecci\u00f3n popular para el pr\u00f3ximo proceso electoral del 2024, &#8220;a ver, nosotros ni nos encartamos ni nos descartamos, porque nosotros no estamos en ese proceso. Estamos en el proceso de gobierno, entonces no empalmemos las cosas&#8221;.<\/p>\n\n\n\n<p>Afirm\u00f3 que est\u00e1 entregado a su trabajo, pero dej\u00f3 en claro que ser\u00e1 el tiempo el que defina su decisi\u00f3n, en ese sentido, indic\u00f3 que tomar\u00e1 una decisi\u00f3n cuando exista una convocatoria.<\/p>\n\n\n\n<p>&#8220;Ya veremos, revisaremos, ahorita no estamos en ese proceso&#8221;, se\u00f1al\u00f3.<\/p>\n\n\n\n<p>En cuanto al gasto que se ha erogado para la colocaci\u00f3n de espectaculares, para la pinta de bardas y otro tipo de publicidad en autobuses, dijo que no ten\u00eda idea de cu\u00e1nto ha costado porque no ha colocado un solo espectacular o propaganda de su persona.<\/p>\n\n\n\n<p>&#8220;Nosotros estamos en un proceso de gobierno y lo que nosotros hacemos dentro de este proceso de gobierno es un tema de promoci\u00f3n de la cultura&#8221; se\u00f1al\u00f3.<\/p>\n\n\n\n<p>&#8220;Hay gentes internas y externas que todo lo quieren llevar a los temas electorales. Nosotros no estamos en ese proceso, nosotros estamos en un proceso de la promoci\u00f3n de la identidad de la cultura de las diferentes regiones&#8221;, agreg\u00f3.<\/p>\n\n\n\n<p>Sostuvo que dentro de ese proceso es que ha escrito cuatro libros desde el 2019 aqu\u00ed en Veracruz.<\/p>\n\n\n\n<p>Se le reiter\u00f3 sobre el costo y n\u00famero de espectaculares que se han colocado a lo largo de la Entidad y dijo que no ten\u00eda esa informaci\u00f3n porque no los ha colocado \u00e9l.<\/p>\n\n\n\n<p>&#8220;Si yo las hubiera puesto yo les dir\u00eda, pero los ha puesto la gente y habr\u00eda que preguntarle a los grupos de las diferentes regiones de Veracruz. Ni uno s\u00f3lo (ha puesto), no solamente no he pagado ninguno ni siquiera los promuevo, no los promuevo ni tampoco los aliento en ning\u00fan sentido&#8221;, reiter\u00f3.<\/p>\n\n\n\n<p>Cisneros Burgos coment\u00f3 que para saber cu\u00e1nto ha costado toda esa promoci\u00f3n se le tiene que preguntar a los compa\u00f1eros de las diferentes regiones.<\/p>\n\n\n\n<p>Critic\u00f3 a los que han cuestionado todo este asunto y pregunt\u00f3 si sabr\u00e1n d\u00f3nde est\u00e1n los pueblos negros de Veracruz.<\/p>\n\n\n\n<p>Asimismo, respecto de lo dicho por el delegado de los programas federales, Manuel Huerta, en el sentido de que el costo de las espectaculares que tiene habr\u00eda superado ya el costo y n\u00famero de espectaculares de las corcholatas presidenciables; respondi\u00f3 que seguramente trabaja en temas que tienen que ver con la fiscalizaci\u00f3n de los recursos.<\/p>\n\n\n\n<p>&#8220;Yo no, no tengo ni idea, ni s\u00e9 cu\u00e1ntas personas han participado en todo esto, porque es un tema espont\u00e1neo de la gente, quiz\u00e1 algunos no lo pueden entender porque nunca han encabezado un tema social&#8221;, manifest\u00f3.<\/p>\n\n\n\n<p>Finalmente, Cisneros Burgos dijo que no tiene enemigos, lo que tiene es un trabajo de promoci\u00f3n y como no est\u00e1 en temas electorales solamente en temas de promoci\u00f3n de la cultura, en ese \u00e1mbito es que puede dar respuestas.<\/p>\n","protected":false},"excerpt":{"rendered":"<p>Dar\u00edo Pale Xalapa, Ver.- El Secretario de gobierno Eric Cisneros Burgos dijo que ni se encarta ni se descarta para el proceso del 24, y los espectaculares y la promoci\u00f3n la ha puesto la gente de las regiones, a esos hay que preguntar cu\u00e1nto se han gastado. En entrevista respecto del gasto que se ha [&hellip;]<\/p>\n","protected":false},"author":2476,"featured_media":42771,"comment_status":"open","ping_status":"open","sticky":false,"template":"","format":"standard","meta":{"_jetpack_memberships_contains_paid_content":false,"footnotes":""},"categories":[2],"tags":[],"class_list":["post-42770","post","type-post","status-publish","format-standard","has-post-thumbnail","hentry","category-estado"],"jetpack_featured_media_url":"https:\/\/encuentroinformativo.com.mx\/wp-content\/uploads\/2023\/07\/Photo_1689191197429.jpg","jetpack_sharing_enabled":true,"jetpack_likes_enabled":true,"amp_enabled":true,"_links":{"self":[{"href":"https:\/\/encuentroinformativo.com.mx\/index.php?rest_route=\/wp\/v2\/posts\/42770","targetHints":{"allow":["GET"]}}],"collection":[{"href":"https:\/\/encuentroinformativo.com.mx\/index.php?rest_route=\/wp\/v2\/posts"}],"about":[{"href":"https:\/\/encuentroinformativo.com.mx\/index.php?rest_route=\/wp\/v2\/types\/post"}],"author":[{"embeddable":true,"href":"https:\/\/encuentroinformativo.com.mx\/index.php?rest_route=\/wp\/v2\/users\/2476"}],"replies":[{"embeddable":true,"href":"https:\/\/encuentroinformativo.com.mx\/index.php?rest_route=%2Fwp%2Fv2%2Fcomments&post=42770"}],"version-history":[{"count":1,"href":"https:\/\/encuentroinformativo.com.mx\/index.php?rest_route=\/wp\/v2\/posts\/42770\/revisions"}],"predecessor-version":[{"id":42772,"href":"https:\/\/encuentroinformativo.com.mx\/index.php?rest_route=\/wp\/v2\/posts\/42770\/revisions\/42772"}],"wp:featuredmedia":[{"embeddable":true,"href":"https:\/\/encuentroinformativo.com.mx\/index.php?rest_route=\/wp\/v2\/media\/42771"}],"wp:attachment":[{"href":"https:\/\/encuentroinformativo.com.mx\/index.php?rest_route=%2Fwp%2Fv2%2Fmedia&parent=42770"}],"wp:term":[{"taxonomy":"category","embeddable":true,"href":"https:\/\/encuentroinformativo.com.mx\/index.php?rest_route=%2Fwp%2Fv2%2Fcategories&post=42770"},{"taxonomy":"post_tag","embeddable":true,"href":"https:\/\/encuentroinformativo.com.mx\/index.php?rest_route=%2Fwp%2Fv2%2Ftags&post=42770"}],"curies":[{"name":"wp","href":"https:\/\/api.w.org\/{rel}","templated":true}]}}