{"id":42776,"date":"2023-07-12T18:40:45","date_gmt":"2023-07-13T00:40:45","guid":{"rendered":"https:\/\/encuentroinformativo.com.mx\/?p=42776"},"modified":"2023-07-12T18:40:51","modified_gmt":"2023-07-13T00:40:51","slug":"inicia-ricardo-monreal-gira-por-veracruz","status":"publish","type":"post","link":"https:\/\/encuentroinformativo.com.mx\/?p=42776","title":{"rendered":"Inicia Ricardo Monreal gira por Veracruz"},"content":{"rendered":"\n<p><strong>Eirinet G\u00f3mez<\/strong><\/p>\n\n\n\n<p>Xalapa, Ver.- En Ixhuatl\u00e1n de Madero, de donde era originario el luchador social Heberto Castillo, el senador con licencia Ricardo Monreal \u00c1vila, aspirante a coordinador nacional de los comit\u00e9s de defensa de la Cuarta Transformaci\u00f3n, inici\u00f3 su gira por la entidad veracruzana.<\/p>\n\n\n\n<p>\u201cHeberto Castillo y yo fuimos senadores en la misma legislatura, en los 90\u00b4s, y siempre ten\u00eda en cuenta a su pueblo, este lugar maravilloso: Ixhuatl\u00e1n de Madero. Por eso en mi gira de trabajo no pod\u00eda faltar esta tierra hist\u00f3rica, este lugar donde convergen tres grupos \u00e9tnicos: Otom\u00edes, Nahuas, Tepehuas\u201d.<\/p>\n\n\n\n<p>Monreal \u00c1vila dijo que pudo escoger una ciudad cercana y c\u00f3moda, \u201cpero yo quer\u00eda estar aqu\u00ed, porque los que representamos a la 4T, los que coincidimos con el legado del presidente Andr\u00e9s Manuel L\u00f3pez Obrador, tenemos que caminar hasta estos lugares remotos, donde vemos las necesidades, las demandas, las quejas, donde escuchamos y recibimos las peticiones de la ciudadan\u00eda, de los maestros, de los l\u00edderes agrarios, de las comunidades campesinas\u201d.<\/p>\n\n\n\n<p>En su recorrido, el senador con licencia constat\u00f3 las malas condiciones en que se encuentra la carretera a Ixhuatl\u00e1n, y en sus charlas con los habitantes de esta regi\u00f3n se percat\u00f3 de la falta de medicamentos y doctores en las cl\u00ednicas, de la falta de maestros y malas condiciones en las escuelas.<\/p>\n\n\n\n<p>\u201cAqu\u00ed inici\u00f3 mi gira de dos d\u00edas por Veracruz, vine hasta ac\u00e1 para decirles que yo provengo de una comunidad campesina al norte de Zacatecas; que mi compromiso mayor es con la gente que menos tiene, con los campesinos de M\u00e9xico; que debe preservarse el derecho de los pueblos ind\u00edgenas, que debe consultarse sobre su futuro y su destino\u201d.<\/p>\n\n\n\n<p>Dijo que si logra la nominaci\u00f3n de coordinador nacional de los Comit\u00e9s de Defensa de la 4T y se convierte en sucesor de Andr\u00e9s Manuel, \u201cvoy a aplicar la pol\u00edtica social que el presidente ha venido realizando, vamos a mejorar el apoyo a adultos mayores, a personas con discapacidad, las becas, sembrando vida, todos los programas sociales iniciados con L\u00f3pez Obrador, lo vamos a mantener y los vamos a acrecentar\u201d.<\/p>\n\n\n\n<p>En su mensaje, Monreal \u00c1vila dijo que respetar\u00e1 los resultados de la encuesta que habr\u00e1 de realizarse entre agosto y septiembre para definir qui\u00e9n ser\u00e1 el Coordinador Nacional.<br>\u201cResulte como resulte, voy a mantenerme en Morena\u201d, mencion\u00f3.<\/p>\n\n\n\n<p>Tambi\u00e9n hizo hincapi\u00e9 en que va a cerrar filas con el presidente Andr\u00e9s Manuel L\u00f3pez Obrador, frente a la campa\u00f1a de difamaci\u00f3n, golpes y calumnias que se han registrado en su contra, en los \u00faltimos d\u00edas.<\/p>\n\n\n\n<p>\u201cHe decidido como una decisi\u00f3n pol\u00edtica, acompa\u00f1ar a L\u00f3pez Obrador hasta el \u00faltimo d\u00eda de su mandato, voy a cerrar filas con \u00e9l, porque estos \u00faltimos d\u00edas ha estado sometido a muchos golpes, a difamaciones, a calumnias, y para mi ha sido el mejor presidente que M\u00e9xico ha tenido, y no podemos permitir que la gente que a veces no est\u00e1 informada, crea toda la campa\u00f1a contra \u00e9l, realizada en los \u00faltimos d\u00edas\u201d.<\/p>\n\n\n\n<p>Antes de que iniciara la asamblea informativa, Monreal \u00c1vila y su esposa recibieron una \u201climpia\u201d con flores y copal por parte de los ind\u00edgenas que les dieron la bienvenida.<\/p>\n\n\n\n<p>\u201cNos han dado una muy buena barrida, y esto nos espanta a los malos esp\u00edritus que ya nos ten\u00eda aprisionados. Ahora ya me siento libre en Ixhuatl\u00e1n. Muchas gracias por esa limpia, por esa purificada que nos han dado aqu\u00ed\u201d, dijo el senador con licencia al empezar su discurso.<\/p>\n\n\n\n<p>Monreal \u00c1vila lleva 24 d\u00edas de recorrido por el pa\u00eds, con 36 asambleas informativas, en 36 municipios. Ha visitado 15 estados de la Rep\u00fablica. Despu\u00e9s de su asamblea informativa en Ixhuatl\u00e1n de Madero, visit\u00f3 \u00c1lamo y Tuxpan. En su segundo d\u00eda en Veracruz visitar\u00e1 Xalapa y Veracruz.<\/p>\n\n\n\n<figure class=\"wp-block-image size-large\"><img loading=\"lazy\" decoding=\"async\" width=\"1024\" height=\"682\" src=\"https:\/\/encuentroinformativo.com.mx\/wp-content\/uploads\/2023\/07\/IMG-20230712-WA0161.jpg\" alt=\"\" class=\"wp-image-42778\" srcset=\"https:\/\/encuentroinformativo.com.mx\/wp-content\/uploads\/2023\/07\/IMG-20230712-WA0161.jpg 1024w, https:\/\/encuentroinformativo.com.mx\/wp-content\/uploads\/2023\/07\/IMG-20230712-WA0161-300x200.jpg 300w, https:\/\/encuentroinformativo.com.mx\/wp-content\/uploads\/2023\/07\/IMG-20230712-WA0161-768x512.jpg 768w\" sizes=\"auto, (max-width: 1024px) 100vw, 1024px\" \/><\/figure>\n","protected":false},"excerpt":{"rendered":"<p>Eirinet G\u00f3mez Xalapa, Ver.- En Ixhuatl\u00e1n de Madero, de donde era originario el luchador social Heberto Castillo, el senador con licencia Ricardo Monreal \u00c1vila, aspirante a coordinador nacional de los comit\u00e9s de defensa de la Cuarta Transformaci\u00f3n, inici\u00f3 su gira por la entidad veracruzana. \u201cHeberto Castillo y yo fuimos senadores en la misma legislatura, en [&hellip;]<\/p>\n","protected":false},"author":2476,"featured_media":42777,"comment_status":"open","ping_status":"open","sticky":false,"template":"","format":"standard","meta":{"_jetpack_memberships_contains_paid_content":false,"footnotes":""},"categories":[2],"tags":[],"class_list":["post-42776","post","type-post","status-publish","format-standard","has-post-thumbnail","hentry","category-estado"],"jetpack_featured_media_url":"https:\/\/encuentroinformativo.com.mx\/wp-content\/uploads\/2023\/07\/IMG-20230712-WA0160.jpg","jetpack_sharing_enabled":true,"jetpack_likes_enabled":true,"amp_enabled":true,"_links":{"self":[{"href":"https:\/\/encuentroinformativo.com.mx\/index.php?rest_route=\/wp\/v2\/posts\/42776","targetHints":{"allow":["GET"]}}],"collection":[{"href":"https:\/\/encuentroinformativo.com.mx\/index.php?rest_route=\/wp\/v2\/posts"}],"about":[{"href":"https:\/\/encuentroinformativo.com.mx\/index.php?rest_route=\/wp\/v2\/types\/post"}],"author":[{"embeddable":true,"href":"https:\/\/encuentroinformativo.com.mx\/index.php?rest_route=\/wp\/v2\/users\/2476"}],"replies":[{"embeddable":true,"href":"https:\/\/encuentroinformativo.com.mx\/index.php?rest_route=%2Fwp%2Fv2%2Fcomments&post=42776"}],"version-history":[{"count":1,"href":"https:\/\/encuentroinformativo.com.mx\/index.php?rest_route=\/wp\/v2\/posts\/42776\/revisions"}],"predecessor-version":[{"id":42779,"href":"https:\/\/encuentroinformativo.com.mx\/index.php?rest_route=\/wp\/v2\/posts\/42776\/revisions\/42779"}],"wp:featuredmedia":[{"embeddable":true,"href":"https:\/\/encuentroinformativo.com.mx\/index.php?rest_route=\/wp\/v2\/media\/42777"}],"wp:attachment":[{"href":"https:\/\/encuentroinformativo.com.mx\/index.php?rest_route=%2Fwp%2Fv2%2Fmedia&parent=42776"}],"wp:term":[{"taxonomy":"category","embeddable":true,"href":"https:\/\/encuentroinformativo.com.mx\/index.php?rest_route=%2Fwp%2Fv2%2Fcategories&post=42776"},{"taxonomy":"post_tag","embeddable":true,"href":"https:\/\/encuentroinformativo.com.mx\/index.php?rest_route=%2Fwp%2Fv2%2Ftags&post=42776"}],"curies":[{"name":"wp","href":"https:\/\/api.w.org\/{rel}","templated":true}]}}