{"id":42786,"date":"2023-07-12T15:05:03","date_gmt":"2023-07-12T21:05:03","guid":{"rendered":"https:\/\/encuentroinformativo.com.mx\/?p=42786"},"modified":"2023-07-13T00:09:55","modified_gmt":"2023-07-13T06:09:55","slug":"realizaran-expo-venta-verano-en-parque-dona-falla","status":"publish","type":"post","link":"https:\/\/encuentroinformativo.com.mx\/?p=42786","title":{"rendered":"Realizar\u00e1n Expo Venta &#8211; Verano en parque do\u00f1a Falla"},"content":{"rendered":"\n<p><strong>Dar\u00edo Pale <\/strong><\/p>\n\n\n\n<p>Xalapa, Ver.- La coordinadora de la agrupaci\u00f3n &#8220;Xalapa, Arte Cultura y Gastronom\u00eda&#8221;, Susana Fern\u00e1ndez P\u00e9rez, dio a conocer la realizaci\u00f3n de la &#8220;Expo-Venta Verano&#8221;, la cual se llevar\u00e1 a cabo los d\u00edas 14, 15 y 16 de julio en el Parque Do\u00f1a Falla.<\/p>\n\n\n\n<p>En conferencia de prensa acompa\u00f1ada de Artesanos y productores locales, detall\u00f3 que las familias podr\u00e1n disfrutar este evento en horario de 09:00 a 19:00 horas.\u00a0<\/p>\n\n\n\n<p>Participar\u00e1n alrededor de 30 expositores con diferentes productos, alimentos y artesan\u00edas. Adem\u00e1s de que habr\u00e1 talleres de cer\u00e1mica, maquillaje artesanal, emprendimiento y para la elaboraci\u00f3n de germinado.<\/p>\n\n\n\n<p>&#8220;Adem\u00e1s vamos a regalar bonitos productos de cada una de las marcas participantes. Los ni\u00f1os tambi\u00e9n van a tener regalos&#8221;, se\u00f1al\u00f3.<\/p>\n\n\n\n<p>Por \u00faltimo los expositores aseguraron que el principal objetivo de la expo-venta es detonar la actividad econ\u00f3mica en Xalapa y brindar un espacio de esparcimiento para las familias.<\/p>\n","protected":false},"excerpt":{"rendered":"<p>Dar\u00edo Pale Xalapa, Ver.- La coordinadora de la agrupaci\u00f3n &#8220;Xalapa, Arte Cultura y Gastronom\u00eda&#8221;, Susana Fern\u00e1ndez P\u00e9rez, dio a conocer la realizaci\u00f3n de la &#8220;Expo-Venta Verano&#8221;, la cual se llevar\u00e1 a cabo los d\u00edas 14, 15 y 16 de julio en el Parque Do\u00f1a Falla. En conferencia de prensa acompa\u00f1ada de Artesanos y productores locales, [&hellip;]<\/p>\n","protected":false},"author":2476,"featured_media":42787,"comment_status":"open","ping_status":"open","sticky":false,"template":"","format":"standard","meta":{"_jetpack_memberships_contains_paid_content":false,"footnotes":""},"categories":[3],"tags":[],"class_list":["post-42786","post","type-post","status-publish","format-standard","has-post-thumbnail","hentry","category-xalapa"],"jetpack_featured_media_url":"https:\/\/encuentroinformativo.com.mx\/wp-content\/uploads\/2023\/07\/IMG-20230712-WA0123.jpg","jetpack_sharing_enabled":true,"jetpack_likes_enabled":true,"amp_enabled":true,"_links":{"self":[{"href":"https:\/\/encuentroinformativo.com.mx\/index.php?rest_route=\/wp\/v2\/posts\/42786","targetHints":{"allow":["GET"]}}],"collection":[{"href":"https:\/\/encuentroinformativo.com.mx\/index.php?rest_route=\/wp\/v2\/posts"}],"about":[{"href":"https:\/\/encuentroinformativo.com.mx\/index.php?rest_route=\/wp\/v2\/types\/post"}],"author":[{"embeddable":true,"href":"https:\/\/encuentroinformativo.com.mx\/index.php?rest_route=\/wp\/v2\/users\/2476"}],"replies":[{"embeddable":true,"href":"https:\/\/encuentroinformativo.com.mx\/index.php?rest_route=%2Fwp%2Fv2%2Fcomments&post=42786"}],"version-history":[{"count":1,"href":"https:\/\/encuentroinformativo.com.mx\/index.php?rest_route=\/wp\/v2\/posts\/42786\/revisions"}],"predecessor-version":[{"id":42788,"href":"https:\/\/encuentroinformativo.com.mx\/index.php?rest_route=\/wp\/v2\/posts\/42786\/revisions\/42788"}],"wp:featuredmedia":[{"embeddable":true,"href":"https:\/\/encuentroinformativo.com.mx\/index.php?rest_route=\/wp\/v2\/media\/42787"}],"wp:attachment":[{"href":"https:\/\/encuentroinformativo.com.mx\/index.php?rest_route=%2Fwp%2Fv2%2Fmedia&parent=42786"}],"wp:term":[{"taxonomy":"category","embeddable":true,"href":"https:\/\/encuentroinformativo.com.mx\/index.php?rest_route=%2Fwp%2Fv2%2Fcategories&post=42786"},{"taxonomy":"post_tag","embeddable":true,"href":"https:\/\/encuentroinformativo.com.mx\/index.php?rest_route=%2Fwp%2Fv2%2Ftags&post=42786"}],"curies":[{"name":"wp","href":"https:\/\/api.w.org\/{rel}","templated":true}]}}