{"id":42789,"date":"2023-07-13T09:30:44","date_gmt":"2023-07-13T15:30:44","guid":{"rendered":"https:\/\/encuentroinformativo.com.mx\/?p=42789"},"modified":"2023-07-13T09:30:48","modified_gmt":"2023-07-13T15:30:48","slug":"polo-se-la-come-toda","status":"publish","type":"post","link":"https:\/\/encuentroinformativo.com.mx\/?p=42789","title":{"rendered":"POLO SE LA COME TODA!"},"content":{"rendered":"\n<p><strong>Los Pol\u00edticos<\/strong><\/p>\n\n\n\n<p><strong>Salvador Mu\u00f1oz<\/strong><\/p>\n\n\n\n<p>Inv\u00edtenlo a comer, pero por cualquier cosa, no le ofrezcan la cebolla cruda\u2026 \u00e9sa s\u00ed no la come por nada del mundo.<\/p>\n\n\n\n<p>En lo que va del a\u00f1o, ha recorrido m\u00e1s de 50 municipios en donde literalmente se ha metido hasta la cocina de muchos hogares veracruzanos a invitaci\u00f3n expresa.<\/p>\n\n\n\n<p>Pero no s\u00f3lo se trata de llegar y comer lo que el se\u00f1or o la se\u00f1ora ofrezcan\u2026 La mesa donde lo reciben, es m\u00e1s que un buen plato, rico saz\u00f3n de casa, tortillitas y una fresca bebida\u2026 All\u00ed, donde se comparte el pan y la sal, tambi\u00e9n se conocen historias, esperanzas, proyectos, aspiraciones, sue\u00f1os que el comensal escucha, atiende y los hace suyos.<\/p>\n\n\n\n<p>Quiz\u00e1s por eso, porque como \u00e9l dice, dej\u00f3 a un lado el aire acondicionado, la comodidad de la oficina, es que entiende que no es momento de hablar, sino de escuchar a la gente, sus problemas, que no son \u201clos problemas\u201d que la mayor\u00eda de los pol\u00edticos tienen, resumidos en una palabra: L\u00f3pez Obrador.<\/p>\n\n\n\n<p>No, los problemas de la gente van desde tener dinero para la comida, para pagar la luz, que zapatos para el chavo, o sacar el d\u00eda\u2026 la gente est\u00e1 muy lejos de la pol\u00edtica pero m\u00e1s cerca de una realidad que la mayor\u00eda de las veces, lacera en su bolsillo.<\/p>\n\n\n\n<p>Por eso es que Polo Deschamps se atrevi\u00f3 a sugerir a Julen Rementer\u00eda, Pepe Yunes Zorilla y H\u00e9ctor Yunes Landa, a que olvidaran un poco ese discurso contra el Presidente y se enfocaran m\u00e1s en la gente, \u00a1en escucharla! para poder conectarse con la realidad.<\/p>\n\n\n\n<p>Si bien a\u00fan espera respuesta de Julen Rementer\u00eda y del perote\u00f1o, a la vez que precisa que caminar Veracruz no es visitar sus comit\u00e9s, agradece la respuesta que le dio el chole\u00f1o, cuyas palabras acompa\u00f1\u00f3 con un video recorriendo el mercado de Cardel.<\/p>\n\n\n\n<p>Polo Deschamps, ex regidor, ex diputado local, ex alcalde se autocalifica como un \u201cDesempleado Pol\u00edtico\u201d pero a la vez como como alguien con Cero Obsesiones y mucho menos un Animal Pol\u00edtico, m\u00e1s bien como un ente responsable en lo que a \u00e9l le competa, sea en el hogar, en el cargo p\u00fablico, en su empresa o en el proyecto que encabece.<\/p>\n\n\n\n<p>Son m\u00e1s de 50 municipios los que ha recorrido, y lo que falta.<\/p>\n\n\n\n<p>\u00bfQu\u00e9 busca?<\/p>\n\n\n\n<p>Otra forma de hacer pol\u00edtica. Una que le permite estar cerca de la gente, pero sobre todo de escucharla y no al rev\u00e9s, donde el pol\u00edtico espera ser escuchado\u2026 y no, no busca una Pluri\u2026 pero eso es lo que \u00e9l dice, porque si va de Medell\u00edn para afuera, de Alvarado para afuera, de su distrito para afuera, de la zona conurbada para afuera, el espectro social que abarca es demasiado amplio\u2026 al tiempo.<\/p>\n\n\n\n<p>Mientras, all\u00e1 est\u00e1 su facebook para que le manden una invitaci\u00f3n a comer a casa pero tendr\u00e1n que hacer fila, porque al d\u00eda, presume, m\u00ednimo son 300 los mensajes que recibe para que Polo Deschamps se meta hasta la cocina\u2026 s\u00f3lo recuerden este consejo: nom\u00e1s no le ofrezcan en la comida, cebolla cruda\u2026 aunque si se la cuecen, dice Polo Deschamps que \u00a1se la come toda!<\/p>\n","protected":false},"excerpt":{"rendered":"<p>Los Pol\u00edticos Salvador Mu\u00f1oz Inv\u00edtenlo a comer, pero por cualquier cosa, no le ofrezcan la cebolla cruda\u2026 \u00e9sa s\u00ed no la come por nada del mundo. En lo que va del a\u00f1o, ha recorrido m\u00e1s de 50 municipios en donde literalmente se ha metido hasta la cocina de muchos hogares veracruzanos a invitaci\u00f3n expresa. Pero [&hellip;]<\/p>\n","protected":false},"author":2476,"featured_media":387,"comment_status":"open","ping_status":"open","sticky":false,"template":"","format":"standard","meta":{"_jetpack_memberships_contains_paid_content":false,"footnotes":""},"categories":[11],"tags":[],"class_list":["post-42789","post","type-post","status-publish","format-standard","has-post-thumbnail","hentry","category-opinion"],"jetpack_featured_media_url":"https:\/\/encuentroinformativo.com.mx\/wp-content\/uploads\/2020\/03\/7CF8A22B-2764-47BE-8F7F-38FE9E5D6A2F.jpeg","jetpack_sharing_enabled":true,"jetpack_likes_enabled":true,"amp_enabled":true,"_links":{"self":[{"href":"https:\/\/encuentroinformativo.com.mx\/index.php?rest_route=\/wp\/v2\/posts\/42789","targetHints":{"allow":["GET"]}}],"collection":[{"href":"https:\/\/encuentroinformativo.com.mx\/index.php?rest_route=\/wp\/v2\/posts"}],"about":[{"href":"https:\/\/encuentroinformativo.com.mx\/index.php?rest_route=\/wp\/v2\/types\/post"}],"author":[{"embeddable":true,"href":"https:\/\/encuentroinformativo.com.mx\/index.php?rest_route=\/wp\/v2\/users\/2476"}],"replies":[{"embeddable":true,"href":"https:\/\/encuentroinformativo.com.mx\/index.php?rest_route=%2Fwp%2Fv2%2Fcomments&post=42789"}],"version-history":[{"count":1,"href":"https:\/\/encuentroinformativo.com.mx\/index.php?rest_route=\/wp\/v2\/posts\/42789\/revisions"}],"predecessor-version":[{"id":42790,"href":"https:\/\/encuentroinformativo.com.mx\/index.php?rest_route=\/wp\/v2\/posts\/42789\/revisions\/42790"}],"wp:featuredmedia":[{"embeddable":true,"href":"https:\/\/encuentroinformativo.com.mx\/index.php?rest_route=\/wp\/v2\/media\/387"}],"wp:attachment":[{"href":"https:\/\/encuentroinformativo.com.mx\/index.php?rest_route=%2Fwp%2Fv2%2Fmedia&parent=42789"}],"wp:term":[{"taxonomy":"category","embeddable":true,"href":"https:\/\/encuentroinformativo.com.mx\/index.php?rest_route=%2Fwp%2Fv2%2Fcategories&post=42789"},{"taxonomy":"post_tag","embeddable":true,"href":"https:\/\/encuentroinformativo.com.mx\/index.php?rest_route=%2Fwp%2Fv2%2Ftags&post=42789"}],"curies":[{"name":"wp","href":"https:\/\/api.w.org\/{rel}","templated":true}]}}