{"id":42793,"date":"2023-07-13T10:07:06","date_gmt":"2023-07-13T16:07:06","guid":{"rendered":"https:\/\/encuentroinformativo.com.mx\/?p=42793"},"modified":"2023-07-13T10:07:09","modified_gmt":"2023-07-13T16:07:09","slug":"cupula-panista-definira-si-buscan-alianza-rumbo-a-elecciones","status":"publish","type":"post","link":"https:\/\/encuentroinformativo.com.mx\/?p=42793","title":{"rendered":"C\u00fapula panista definir\u00e1 si buscan alianza rumbo a elecciones"},"content":{"rendered":"\n<p><strong>Alejandro \u00c1vila<\/strong><\/p>\n\n\n\n<p>Boca del R\u00edo, Ver.- El ex alcalde de Veracruz, Fernando Yunes M\u00e1rquez; el actual alcalde de Boca del R\u00edo, Juan Manuel Unanue Abascal; el ex dirigente estatal del PAN, Jos\u00e9 de Jes\u00fas Mancha Alarc\u00f3n; y el coordinador de diputados en el Congreso de Veracruz, Enrique Cambranis Torres; ser\u00e1n la c\u00fapula que decidan si el partido Acci\u00f3n Nacional ir\u00e1 en alianza en Veracruz en las pr\u00f3ximas elecciones del 2024.<\/p>\n\n\n\n<p>La secretar\u00eda general del PAN Veracruz, Indira Rosales San Rom\u00e1n, record\u00f3 que el pasado 8 de julio se tom\u00f3 protesta a las diferentes comisiones que integran los 112 hombres y mujeres panistas pertenecientes al Consejo Estatal.<\/p>\n\n\n\n<p>&#8220;Iniciaremos el proceso formalmente en el mes de octubre &#8211; noviembre, justamente ya se iniciar\u00e1 el proceso para definir si hay alianza o no, as\u00ed como el proceso de selecci\u00f3n de candidatos, porque primero necesitar\u00edamos saber si hay alianza o no, cual sea la decisi\u00f3n que tome el Consejo Estatal en este caso, para definir en que distrito locales y federales, el Partido Acci\u00f3n Nacional encabeza&#8221;, mencion\u00f3.<\/p>\n\n\n\n<p>La tambi\u00e9n Senadora de la rep\u00fablica, reconoci\u00f3 diferencias entre los grupos internos del Partido Acci\u00f3n Nacional en Veracruz; sin embargo, resalt\u00f3 una caracter\u00edstica de la doctrina blanquiazul, y es la capacidad de unir fuerzas para salir fortalecidos previo al siguiente proceso electoral.<\/p>\n\n\n\n<p>Finalmente, Indira Rosales San Rom\u00e1n dijo que se estima que a mediados del mes de noviembre, se conozca si el Partido Acci\u00f3n Nacional se une a la alianza opositora en Veracruz; posteriormente, antes del mes de diciembre se conocer\u00eda al candidato a la gubernatura y, a finales de enero y principios de febrero, elegir\u00edan a los aspirantes a las diputaciones, dependiendo los distritos que le correspondan al PAN.<\/p>\n","protected":false},"excerpt":{"rendered":"<p>Alejandro \u00c1vila Boca del R\u00edo, Ver.- El ex alcalde de Veracruz, Fernando Yunes M\u00e1rquez; el actual alcalde de Boca del R\u00edo, Juan Manuel Unanue Abascal; el ex dirigente estatal del PAN, Jos\u00e9 de Jes\u00fas Mancha Alarc\u00f3n; y el coordinador de diputados en el Congreso de Veracruz, Enrique Cambranis Torres; ser\u00e1n la c\u00fapula que decidan si [&hellip;]<\/p>\n","protected":false},"author":2476,"featured_media":42794,"comment_status":"open","ping_status":"open","sticky":false,"template":"","format":"standard","meta":{"_jetpack_memberships_contains_paid_content":false,"footnotes":""},"categories":[2],"tags":[],"class_list":["post-42793","post","type-post","status-publish","format-standard","has-post-thumbnail","hentry","category-estado"],"jetpack_featured_media_url":"https:\/\/encuentroinformativo.com.mx\/wp-content\/uploads\/2023\/07\/IMG-20230713-WA00292.jpg","jetpack_sharing_enabled":true,"jetpack_likes_enabled":true,"amp_enabled":true,"_links":{"self":[{"href":"https:\/\/encuentroinformativo.com.mx\/index.php?rest_route=\/wp\/v2\/posts\/42793","targetHints":{"allow":["GET"]}}],"collection":[{"href":"https:\/\/encuentroinformativo.com.mx\/index.php?rest_route=\/wp\/v2\/posts"}],"about":[{"href":"https:\/\/encuentroinformativo.com.mx\/index.php?rest_route=\/wp\/v2\/types\/post"}],"author":[{"embeddable":true,"href":"https:\/\/encuentroinformativo.com.mx\/index.php?rest_route=\/wp\/v2\/users\/2476"}],"replies":[{"embeddable":true,"href":"https:\/\/encuentroinformativo.com.mx\/index.php?rest_route=%2Fwp%2Fv2%2Fcomments&post=42793"}],"version-history":[{"count":1,"href":"https:\/\/encuentroinformativo.com.mx\/index.php?rest_route=\/wp\/v2\/posts\/42793\/revisions"}],"predecessor-version":[{"id":42795,"href":"https:\/\/encuentroinformativo.com.mx\/index.php?rest_route=\/wp\/v2\/posts\/42793\/revisions\/42795"}],"wp:featuredmedia":[{"embeddable":true,"href":"https:\/\/encuentroinformativo.com.mx\/index.php?rest_route=\/wp\/v2\/media\/42794"}],"wp:attachment":[{"href":"https:\/\/encuentroinformativo.com.mx\/index.php?rest_route=%2Fwp%2Fv2%2Fmedia&parent=42793"}],"wp:term":[{"taxonomy":"category","embeddable":true,"href":"https:\/\/encuentroinformativo.com.mx\/index.php?rest_route=%2Fwp%2Fv2%2Fcategories&post=42793"},{"taxonomy":"post_tag","embeddable":true,"href":"https:\/\/encuentroinformativo.com.mx\/index.php?rest_route=%2Fwp%2Fv2%2Ftags&post=42793"}],"curies":[{"name":"wp","href":"https:\/\/api.w.org\/{rel}","templated":true}]}}